{"id":49385,"date":"2022-03-18T15:38:54","date_gmt":"2022-03-18T18:38:54","guid":{"rendered":"https:\/\/www.centraldenoticias.com.ar\/?p=49385"},"modified":"2022-03-18T16:55:23","modified_gmt":"2022-03-18T19:55:23","slug":"trasladaron-a-un-bebe-al-hospital-tras-un-accidente","status":"publish","type":"post","link":"https:\/\/cdnoticias.com\/index.php\/2022\/03\/18\/trasladaron-a-un-bebe-al-hospital-tras-un-accidente\/","title":{"rendered":"Trasladaron a un beb\u00e9 al Hospital tras un accidente"},"content":{"rendered":"<p>En el cruce de Riobamba y Necochea chocaron un auto y una camioneta. El beb\u00e9 fue trasladado por precauci\u00f3n al centro de salud local. <!--more--><\/p>\n<hr \/>\n<p>En el inicio de la tarde de este viernes se produjo un violento accidente en el cruce de<strong> Riobamba y Necochea.<\/strong><\/p>\n<p>&nbsp;<\/p>\n<p>En el lugar, <strong>chocaron un auto Volkswagen Gol y una camioneta Amarok.<\/strong> Entre los ocupantes del veh\u00edculo de menor porte, se encontraba un beb\u00e9.<\/p>\n<p>&nbsp;<\/p>\n<p><img data-recalc-dims=\"1\" loading=\"lazy\" decoding=\"async\" class=\"aligncenter size-full wp-image-49387\" src=\"https:\/\/i0.wp.com\/cdnoticias.com\/wp-content\/uploads\/2022\/03\/WhatsApp-Image-2022-03-18-at-14.59.51.jpeg?resize=800%2C600&#038;ssl=1\" alt=\"\" width=\"800\" height=\"600\" srcset=\"https:\/\/i0.wp.com\/cdnoticias.com\/wp-content\/uploads\/2022\/03\/WhatsApp-Image-2022-03-18-at-14.59.51.jpeg?w=1600&amp;ssl=1 1600w, https:\/\/i0.wp.com\/cdnoticias.com\/wp-content\/uploads\/2022\/03\/WhatsApp-Image-2022-03-18-at-14.59.51.jpeg?resize=300%2C225&amp;ssl=1 300w, https:\/\/i0.wp.com\/cdnoticias.com\/wp-content\/uploads\/2022\/03\/WhatsApp-Image-2022-03-18-at-14.59.51.jpeg?resize=1024%2C768&amp;ssl=1 1024w, https:\/\/i0.wp.com\/cdnoticias.com\/wp-content\/uploads\/2022\/03\/WhatsApp-Image-2022-03-18-at-14.59.51.jpeg?resize=768%2C576&amp;ssl=1 768w, https:\/\/i0.wp.com\/cdnoticias.com\/wp-content\/uploads\/2022\/03\/WhatsApp-Image-2022-03-18-at-14.59.51.jpeg?resize=1536%2C1152&amp;ssl=1 1536w\" sizes=\"auto, (max-width: 800px) 100vw, 800px\" \/><\/p>\n<p>&nbsp;<\/p>\n<p>En ese sentido, se indic\u00f3 que <strong>personal de salud decidi\u00f3 trasladar al ni\u00f1o por precauci\u00f3n<\/strong> al Hospital de Pediatr\u00eda, para brindarle toda la atenci\u00f3n necesaria.<\/p>\n<p>&nbsp;<\/p>\n<p><strong>El tr\u00e1nsito se vio reducido en el sector<\/strong> mientras se realizaban las tareas de rigor.<\/p>\n","protected":false},"excerpt":{"rendered":"<p>En el cruce de Riobamba y Necochea chocaron un auto y una camioneta. El beb\u00e9 fue trasladado por precauci\u00f3n al<\/p>\n","protected":false},"author":5,"featured_media":49386,"comment_status":"closed","ping_status":"closed","sticky":false,"template":"","format":"standard","meta":{"_jetpack_memberships_contains_paid_content":false,"footnotes":""},"categories":[14,1],"tags":[],"class_list":["post-49385","post","type-post","status-publish","format-standard","has-post-thumbnail","hentry","category-policiales","category-portada"],"jetpack_featured_media_url":"https:\/\/i0.wp.com\/cdnoticias.com\/wp-content\/uploads\/2022\/03\/WhatsApp-Image-2022-03-18-at-14.59.51-1.jpeg?fit=1600%2C1200&ssl=1","jetpack_sharing_enabled":true,"_links":{"self":[{"href":"https:\/\/cdnoticias.com\/index.php\/wp-json\/wp\/v2\/posts\/49385","targetHints":{"allow":["GET"]}}],"collection":[{"href":"https:\/\/cdnoticias.com\/index.php\/wp-json\/wp\/v2\/posts"}],"about":[{"href":"https:\/\/cdnoticias.com\/index.php\/wp-json\/wp\/v2\/types\/post"}],"author":[{"embeddable":true,"href":"https:\/\/cdnoticias.com\/index.php\/wp-json\/wp\/v2\/users\/5"}],"replies":[{"embeddable":true,"href":"https:\/\/cdnoticias.com\/index.php\/wp-json\/wp\/v2\/comments?post=49385"}],"version-history":[{"count":0,"href":"https:\/\/cdnoticias.com\/index.php\/wp-json\/wp\/v2\/posts\/49385\/revisions"}],"wp:featuredmedia":[{"embeddable":true,"href":"https:\/\/cdnoticias.com\/index.php\/wp-json\/wp\/v2\/media\/49386"}],"wp:attachment":[{"href":"https:\/\/cdnoticias.com\/index.php\/wp-json\/wp\/v2\/media?parent=49385"}],"wp:term":[{"taxonomy":"category","embeddable":true,"href":"https:\/\/cdnoticias.com\/index.php\/wp-json\/wp\/v2\/categories?post=49385"},{"taxonomy":"post_tag","embeddable":true,"href":"https:\/\/cdnoticias.com\/index.php\/wp-json\/wp\/v2\/tags?post=49385"}],"curies":[{"name":"wp","href":"https:\/\/api.w.org\/{rel}","templated":true}]}}