{"id":49360,"date":"2022-03-18T11:54:37","date_gmt":"2022-03-18T14:54:37","guid":{"rendered":"https:\/\/www.centraldenoticias.com.ar\/?p=49360"},"modified":"2022-03-18T12:46:11","modified_gmt":"2022-03-18T15:46:11","slug":"tras-los-reclamos-el-municipio-bacheo-en-colonia-san-miguel","status":"publish","type":"post","link":"https:\/\/cdnoticias.com\/index.php\/2022\/03\/18\/tras-los-reclamos-el-municipio-bacheo-en-colonia-san-miguel\/","title":{"rendered":"Tras los reclamos, el Municipio bache\u00f3 en Colonia San Miguel"},"content":{"rendered":"<p>Nuevamente el concejal Sarachu, de Foro Olavarr\u00eda, visit\u00f3 la localidad, y destac\u00f3 que tras las quejas, el Municipio realiz\u00f3 trabajos de bacheo. <!--more--><\/p>\n<hr \/>\n<p>Luego de los reclamos por parte de los vecinos de la localidad de Colonia San Miguel, <a href=\"https:\/\/cdnoticias.com\/index.php\/2022\/03\/16\/sarachu-los-vecinos-sienten-que-el-funcionario-les-miente-por-gacetilla\/\" target=\"_blank\" rel=\"noopener\">canalizadas al Concejo Deliberante por el concejal Gast\u00f3n Sarachu,<\/a> <strong>en la ma\u00f1ana de este viernes concurri\u00f3 a la localidad una camioneta con un carro y personal para hacer bacheo con material asf\u00e1ltico.<\/strong><\/p>\n<p>&nbsp;<\/p>\n<p>Cabe recordar que el \u00faltimo martes, Sarachu visit\u00f3 la localidad y constat\u00f3 que<em> \u201cno se han hecho trabajos de arreglo de las calles, ni bacheo asf\u00e1ltico ni nuevo pavimento\u201d.<\/em><\/p>\n<p>&nbsp;<\/p>\n<p><img data-recalc-dims=\"1\" loading=\"lazy\" decoding=\"async\" class=\"alignnone size-full wp-image-49362\" src=\"https:\/\/i0.wp.com\/cdnoticias.com\/wp-content\/uploads\/2022\/03\/Bachoe.jpeg?resize=621%2C426&#038;ssl=1\" alt=\"\" width=\"621\" height=\"426\" srcset=\"https:\/\/i0.wp.com\/cdnoticias.com\/wp-content\/uploads\/2022\/03\/Bachoe.jpeg?w=621&amp;ssl=1 621w, https:\/\/i0.wp.com\/cdnoticias.com\/wp-content\/uploads\/2022\/03\/Bachoe.jpeg?resize=300%2C206&amp;ssl=1 300w, https:\/\/i0.wp.com\/cdnoticias.com\/wp-content\/uploads\/2022\/03\/Bachoe.jpeg?resize=130%2C90&amp;ssl=1 130w\" sizes=\"auto, (max-width: 621px) 100vw, 621px\" \/><\/p>\n<p>&nbsp;<\/p>\n<p>Esto surge adem\u00e1s por <strong>un proyecto presentado por el Interbloque Frente de Todos pidiendo obras para Colonia San Miguel<\/strong> y, posteriormente, se reuni\u00f3 con vecinos que denunciaron el abandono de la localidad por parte de la gesti\u00f3n Galli.<\/p>\n<p>&nbsp;<\/p>\n<p>Finalmente, el concejal Sarachu insisti\u00f3 en que el Gobierno Municipal atienda todos los reclamos de Colonia San Miguel, <strong><em>\u201cincluyendo la atenci\u00f3n m\u00e9dica y de enfermer\u00eda en la sala, la puesta en valor del balneario municipal y otras obras que vienen siendo reclamadas por los vecinos de la localidad\u201d<\/em> <\/strong>cerraron desde Foro Olavarr\u00eda \u2013 Frente Renovador.<\/p>\n","protected":false},"excerpt":{"rendered":"<p>Nuevamente el concejal Sarachu, de Foro Olavarr\u00eda, visit\u00f3 la localidad, y destac\u00f3 que tras las quejas, el Municipio realiz\u00f3 trabajos<\/p>\n","protected":false},"author":2,"featured_media":49361,"comment_status":"closed","ping_status":"closed","sticky":false,"template":"","format":"standard","meta":{"_jetpack_memberships_contains_paid_content":false,"footnotes":""},"categories":[4,1],"tags":[],"class_list":["post-49360","post","type-post","status-publish","format-standard","has-post-thumbnail","hentry","category-politica","category-portada"],"jetpack_featured_media_url":"https:\/\/i0.wp.com\/cdnoticias.com\/wp-content\/uploads\/2022\/03\/Bacheo-1.jpeg?fit=620%2C424&ssl=1","jetpack_sharing_enabled":true,"_links":{"self":[{"href":"https:\/\/cdnoticias.com\/index.php\/wp-json\/wp\/v2\/posts\/49360","targetHints":{"allow":["GET"]}}],"collection":[{"href":"https:\/\/cdnoticias.com\/index.php\/wp-json\/wp\/v2\/posts"}],"about":[{"href":"https:\/\/cdnoticias.com\/index.php\/wp-json\/wp\/v2\/types\/post"}],"author":[{"embeddable":true,"href":"https:\/\/cdnoticias.com\/index.php\/wp-json\/wp\/v2\/users\/2"}],"replies":[{"embeddable":true,"href":"https:\/\/cdnoticias.com\/index.php\/wp-json\/wp\/v2\/comments?post=49360"}],"version-history":[{"count":0,"href":"https:\/\/cdnoticias.com\/index.php\/wp-json\/wp\/v2\/posts\/49360\/revisions"}],"wp:featuredmedia":[{"embeddable":true,"href":"https:\/\/cdnoticias.com\/index.php\/wp-json\/wp\/v2\/media\/49361"}],"wp:attachment":[{"href":"https:\/\/cdnoticias.com\/index.php\/wp-json\/wp\/v2\/media?parent=49360"}],"wp:term":[{"taxonomy":"category","embeddable":true,"href":"https:\/\/cdnoticias.com\/index.php\/wp-json\/wp\/v2\/categories?post=49360"},{"taxonomy":"post_tag","embeddable":true,"href":"https:\/\/cdnoticias.com\/index.php\/wp-json\/wp\/v2\/tags?post=49360"}],"curies":[{"name":"wp","href":"https:\/\/api.w.org\/{rel}","templated":true}]}}