{"id":4933,"date":"2020-10-26T18:55:20","date_gmt":"2020-10-26T21:55:20","guid":{"rendered":"http:\/\/www.centraldenoticias.com.ar\/?p=4933"},"modified":"2020-10-26T18:55:20","modified_gmt":"2020-10-26T21:55:20","slug":"maria-ema-tagliaferri-viuda-de-moya-q-e-p-d","status":"publish","type":"post","link":"https:\/\/cdnoticias.com\/index.php\/2020\/10\/26\/maria-ema-tagliaferri-viuda-de-moya-q-e-p-d\/","title":{"rendered":"Mar\u00eda Ema Tagliaferri Viuda De Moya (Q.E.P.D.)"},"content":{"rendered":"<p>Falleci\u00f3 en Olavarr\u00eda el d\u00eda 26 de Octubre de 2020 a los 87 a\u00f1os de edad. Sus hijas Liliana y Ana In\u00e9s, sus nietos Juan Martin y Santiago Clos, Pablo, Julia y Manuel Pascua, su hijo pol\u00edtico Oscar Clos, sus nietas pol\u00edticas Mar\u00eda Emilia Iriarte y Julieta Spina, su hermana Mar\u00eda In\u00e9s Tagliaferri Pagalday y dem\u00e1s deudos participan su fallecimiento.<\/p>\n<p>&nbsp;<\/p>\n<p>No se realiza velatorio ni responso. Sus restos ser\u00e1n inhumados este martes desde las 8.30 en el cementerio Loma de Paz. Vecina del centro local, productora agropecuaria.<\/p>\n","protected":false},"excerpt":{"rendered":"<p>Falleci\u00f3 en Olavarr\u00eda el d\u00eda 26 de Octubre de 2020 a los 87 a\u00f1os de edad. Sus hijas Liliana y<\/p>\n","protected":false},"author":3,"featured_media":0,"comment_status":"closed","ping_status":"closed","sticky":false,"template":"","format":"standard","meta":{"_jetpack_memberships_contains_paid_content":false,"footnotes":""},"categories":[10],"tags":[],"class_list":["post-4933","post","type-post","status-publish","format-standard","hentry","category-necrologicas"],"jetpack_featured_media_url":"","jetpack_sharing_enabled":true,"_links":{"self":[{"href":"https:\/\/cdnoticias.com\/index.php\/wp-json\/wp\/v2\/posts\/4933","targetHints":{"allow":["GET"]}}],"collection":[{"href":"https:\/\/cdnoticias.com\/index.php\/wp-json\/wp\/v2\/posts"}],"about":[{"href":"https:\/\/cdnoticias.com\/index.php\/wp-json\/wp\/v2\/types\/post"}],"author":[{"embeddable":true,"href":"https:\/\/cdnoticias.com\/index.php\/wp-json\/wp\/v2\/users\/3"}],"replies":[{"embeddable":true,"href":"https:\/\/cdnoticias.com\/index.php\/wp-json\/wp\/v2\/comments?post=4933"}],"version-history":[{"count":0,"href":"https:\/\/cdnoticias.com\/index.php\/wp-json\/wp\/v2\/posts\/4933\/revisions"}],"wp:attachment":[{"href":"https:\/\/cdnoticias.com\/index.php\/wp-json\/wp\/v2\/media?parent=4933"}],"wp:term":[{"taxonomy":"category","embeddable":true,"href":"https:\/\/cdnoticias.com\/index.php\/wp-json\/wp\/v2\/categories?post=4933"},{"taxonomy":"post_tag","embeddable":true,"href":"https:\/\/cdnoticias.com\/index.php\/wp-json\/wp\/v2\/tags?post=4933"}],"curies":[{"name":"wp","href":"https:\/\/api.w.org\/{rel}","templated":true}]}}