{"id":4928,"date":"2020-10-26T18:06:03","date_gmt":"2020-10-26T21:06:03","guid":{"rendered":"http:\/\/www.centraldenoticias.com.ar\/?p=4928"},"modified":"2020-10-26T18:33:00","modified_gmt":"2020-10-26T21:33:00","slug":"esta-noche-el-intendente-ezequiel-galli-encabezara-una-conferencia-de-prensa","status":"publish","type":"post","link":"https:\/\/cdnoticias.com\/index.php\/2020\/10\/26\/esta-noche-el-intendente-ezequiel-galli-encabezara-una-conferencia-de-prensa\/","title":{"rendered":"Esta noche el intendente Ezequiel Galli encabezar\u00e1 una conferencia de prensa"},"content":{"rendered":"<p>La novedad fue comunicada en horas de la tarde y s\u00f3lo se aclar\u00f3 que se abordar\u00e1 la situaci\u00f3n sanitaria local. Transmisi\u00f3n en vivo en nuestras redes.<\/p>\n<p><!--more--><\/p>\n<hr \/>\n<p>En la tarde de este lunes desde el \u00e1rea de comunicaci\u00f3n del municipio local se inform\u00f3 que <strong>el intendente Ezequiel Galli encabezar\u00e1 a partir de las 21:00 una nueva conferencia de prensa.<\/strong><\/p>\n<p>&nbsp;<\/p>\n<p>Si bien no se arrojaron mayores precisiones acerca del contenido o anuncios de la misma, se aclar\u00f3 que <strong>se abordar\u00e1 la situaci\u00f3n sanitaria local.<\/strong><\/p>\n<p>&nbsp;<\/p>\n<p><img data-recalc-dims=\"1\" loading=\"lazy\" decoding=\"async\" class=\"alignnone size-large wp-image-2200\" src=\"https:\/\/i0.wp.com\/cdnoticias.com\/wp-content\/uploads\/2020\/09\/Conferencia2.jpeg?resize=800%2C533&#038;ssl=1\" alt=\"\" width=\"800\" height=\"533\" srcset=\"https:\/\/i0.wp.com\/cdnoticias.com\/wp-content\/uploads\/2020\/09\/Conferencia2.jpeg?resize=1024%2C682&amp;ssl=1 1024w, https:\/\/i0.wp.com\/cdnoticias.com\/wp-content\/uploads\/2020\/09\/Conferencia2.jpeg?resize=300%2C200&amp;ssl=1 300w, https:\/\/i0.wp.com\/cdnoticias.com\/wp-content\/uploads\/2020\/09\/Conferencia2.jpeg?resize=768%2C512&amp;ssl=1 768w, https:\/\/i0.wp.com\/cdnoticias.com\/wp-content\/uploads\/2020\/09\/Conferencia2.jpeg?resize=272%2C182&amp;ssl=1 272w, https:\/\/i0.wp.com\/cdnoticias.com\/wp-content\/uploads\/2020\/09\/Conferencia2.jpeg?w=1280&amp;ssl=1 1280w\" sizes=\"auto, (max-width: 800px) 100vw, 800px\" \/><\/p>\n<p>&nbsp;<\/p>\n<p>Vale recordar que Olavarr\u00eda, de acuerdo al <a href=\"https:\/\/cdnoticias.com\/index.php\/2020\/10\/24\/covid19-murieron-dos-pacientes-y-olavarria-ya-cuenta-63-fallecimientos\/\" target=\"_blank\" rel=\"noopener\">parte oficial emitido el \u00faltimo s\u00e1bado<\/a>, <a href=\"https:\/\/cdnoticias.com\/index.php\/2020\/10\/25\/coronavirus-bajo-la-positividad-pero-siguen-aumentando-las-muertes\/\" target=\"_blank\" rel=\"noopener\">cuenta con 767 pacientes activos de Covid19<\/a>. Como viene sucediendo hace ya algunas semanas no se realizan testeos los domingos, es por ello que la \u00faltima novedad que se ha dado en este marco ha sido con relaci\u00f3n al RTA (el operativo de Rastrear, Testear y Aislar) que este lunes recorri\u00f3 distintos puntos de la ciudad, <a href=\"https:\/\/cdnoticias.com\/index.php\/2020\/10\/26\/testeos-masivos-este-lunes-se-realizaron-160-hisopados\/\" target=\"_blank\" rel=\"noopener\">donde se realizaron 160 hisopados.<\/a><\/p>\n<p>&nbsp;<\/p>\n<p>La conferencia de prensa ser\u00e1 transmitida en vivo desde nuestras redes, <strong>pudi\u00e9ndola seguir tanto en nuestra p\u00e1gina de Facebook como en el Live de Instagram.<\/strong><\/p>\n","protected":false},"excerpt":{"rendered":"<p>La novedad fue comunicada en horas de la tarde y s\u00f3lo se aclar\u00f3 que se abordar\u00e1 la situaci\u00f3n sanitaria local.<\/p>\n","protected":false},"author":3,"featured_media":3523,"comment_status":"closed","ping_status":"closed","sticky":false,"template":"","format":"standard","meta":{"_jetpack_memberships_contains_paid_content":false,"footnotes":""},"categories":[5,1],"tags":[],"class_list":["post-4928","post","type-post","status-publish","format-standard","has-post-thumbnail","hentry","category-informacion-general","category-portada"],"jetpack_featured_media_url":"https:\/\/i0.wp.com\/cdnoticias.com\/wp-content\/uploads\/2020\/10\/ConferenciaGalliApp1.jpg?fit=4608%2C3072&ssl=1","jetpack_sharing_enabled":true,"_links":{"self":[{"href":"https:\/\/cdnoticias.com\/index.php\/wp-json\/wp\/v2\/posts\/4928","targetHints":{"allow":["GET"]}}],"collection":[{"href":"https:\/\/cdnoticias.com\/index.php\/wp-json\/wp\/v2\/posts"}],"about":[{"href":"https:\/\/cdnoticias.com\/index.php\/wp-json\/wp\/v2\/types\/post"}],"author":[{"embeddable":true,"href":"https:\/\/cdnoticias.com\/index.php\/wp-json\/wp\/v2\/users\/3"}],"replies":[{"embeddable":true,"href":"https:\/\/cdnoticias.com\/index.php\/wp-json\/wp\/v2\/comments?post=4928"}],"version-history":[{"count":0,"href":"https:\/\/cdnoticias.com\/index.php\/wp-json\/wp\/v2\/posts\/4928\/revisions"}],"wp:featuredmedia":[{"embeddable":true,"href":"https:\/\/cdnoticias.com\/index.php\/wp-json\/wp\/v2\/media\/3523"}],"wp:attachment":[{"href":"https:\/\/cdnoticias.com\/index.php\/wp-json\/wp\/v2\/media?parent=4928"}],"wp:term":[{"taxonomy":"category","embeddable":true,"href":"https:\/\/cdnoticias.com\/index.php\/wp-json\/wp\/v2\/categories?post=4928"},{"taxonomy":"post_tag","embeddable":true,"href":"https:\/\/cdnoticias.com\/index.php\/wp-json\/wp\/v2\/tags?post=4928"}],"curies":[{"name":"wp","href":"https:\/\/api.w.org\/{rel}","templated":true}]}}