{"id":49260,"date":"2022-03-17T11:41:56","date_gmt":"2022-03-17T14:41:56","guid":{"rendered":"https:\/\/www.centraldenoticias.com.ar\/?p=49260"},"modified":"2022-03-17T11:41:56","modified_gmt":"2022-03-17T14:41:56","slug":"quedaron-constituidas-todas-las-comisiones-del-concejo-deliberante","status":"publish","type":"post","link":"https:\/\/cdnoticias.com\/index.php\/2022\/03\/17\/quedaron-constituidas-todas-las-comisiones-del-concejo-deliberante\/","title":{"rendered":"Quedaron constituidas todas las comisiones del Concejo Deliberante"},"content":{"rendered":"<p>Educaci\u00f3n y Localidades tienen presidentes de Juntos; Salud y Desarrollo Econ\u00f3mico, son encabezadas por el Frente de Todos; Medio Ambiente y Seguridad por la UCR-Juntos.<!--more--><\/p>\n<hr \/>\n<p><strong>Entre el mi\u00e9rcoles y este jueves quedaron constituidas todas las comisiones permanentes del Concejo Deliberante<\/strong>. Seg\u00fan se inform\u00f3, <em>Educaci\u00f3n y Localidades tienen presidentes de Juntos; Salud y Desarrollo Econ\u00f3mico, son encabezadas por el Frente de Todos; y Medio Ambiente y Seguridad por la UCR-Juntos<\/em>.<\/p>\n<p>&nbsp;<\/p>\n<p><strong>El concejal Ubaldo Garc\u00eda (FdT) qued\u00f3 al frente de la comisi\u00f3n de Desarrollo Econ\u00f3mico<\/strong> y Carlos Coscia (Juntos) fue designado como secretario. La comisi\u00f3n se reunir\u00e1 cada mi\u00e9rcoles a las 10.30 y estar\u00e1 constituida adem\u00e1s por los concejales: Juan Mujica (Juntos), Bel\u00e9n Vergel (Juntos), Gast\u00f3n Sarachu (Foro Olavarr\u00eda \u2013 Frente Renovador) y Juan S\u00e1nchez (Fdt).<\/p>\n<p>&nbsp;<\/p>\n<p><img data-recalc-dims=\"1\" loading=\"lazy\" decoding=\"async\" class=\"size-full wp-image-49267 aligncenter\" src=\"https:\/\/i0.wp.com\/cdnoticias.com\/wp-content\/uploads\/2022\/03\/HCD-ubaldo-garcia.jpg?resize=800%2C445&#038;ssl=1\" alt=\"\" width=\"800\" height=\"445\" srcset=\"https:\/\/i0.wp.com\/cdnoticias.com\/wp-content\/uploads\/2022\/03\/HCD-ubaldo-garcia.jpg?w=800&amp;ssl=1 800w, https:\/\/i0.wp.com\/cdnoticias.com\/wp-content\/uploads\/2022\/03\/HCD-ubaldo-garcia.jpg?resize=300%2C167&amp;ssl=1 300w, https:\/\/i0.wp.com\/cdnoticias.com\/wp-content\/uploads\/2022\/03\/HCD-ubaldo-garcia.jpg?resize=768%2C427&amp;ssl=1 768w\" sizes=\"auto, (max-width: 800px) 100vw, 800px\" \/><\/p>\n<p>&nbsp;<\/p>\n<p>Tambi\u00e9n el mi\u00e9rcoles qued\u00f3 constituida la <strong>comisi\u00f3n interna y permanente de Educaci\u00f3n y Derechos Humanos<\/strong>. La misma est\u00e1 integrada por los concejales: Maite Salerno (Juntos), Miriam Mosescu (Juntos) Natalia \u00c1lvarez (FdT), Bel\u00e9n Vergel (Juntos), Telma Cazot (FdT) e In\u00e9s Creimer (Foro Olavarr\u00eda &#8211; FR). <strong>Las concejales Salerno y Creimer ser\u00e1n presidenta y secretaria<\/strong>, respectivamente. Se reunir\u00e1n los mi\u00e9rcoles a las 9 horas.<\/p>\n<p>&nbsp;<\/p>\n<p><img data-recalc-dims=\"1\" loading=\"lazy\" decoding=\"async\" class=\"size-full wp-image-49266 aligncenter\" src=\"https:\/\/i0.wp.com\/cdnoticias.com\/wp-content\/uploads\/2022\/03\/HCD-salerno.jpg?resize=800%2C445&#038;ssl=1\" alt=\"\" width=\"800\" height=\"445\" srcset=\"https:\/\/i0.wp.com\/cdnoticias.com\/wp-content\/uploads\/2022\/03\/HCD-salerno.jpg?w=800&amp;ssl=1 800w, https:\/\/i0.wp.com\/cdnoticias.com\/wp-content\/uploads\/2022\/03\/HCD-salerno.jpg?resize=300%2C167&amp;ssl=1 300w, https:\/\/i0.wp.com\/cdnoticias.com\/wp-content\/uploads\/2022\/03\/HCD-salerno.jpg?resize=768%2C427&amp;ssl=1 768w\" sizes=\"auto, (max-width: 800px) 100vw, 800px\" \/><\/p>\n<p>&nbsp;<\/p>\n<p>Maite Salerno inform\u00f3 que de acuerdo con lo establecido por acuerdo en Labor Parlamentaria <em>la comisi\u00f3n solicit\u00f3 el archivo de una serie de expedientes<\/em> que hab\u00edan perdido estado parlamentario por el paso del tiempo.<\/p>\n<p>&nbsp;<\/p>\n<p>Asimismo se formaliz\u00f3 el funcionamiento de <strong>la comisi\u00f3n de Atenci\u00f3n y Prevenci\u00f3n de la Salud y Desarrollo Social<\/strong>. Ser\u00e1 presidida hasta el a\u00f1o 2023 por<strong> la concejala Natalia \u00c1lvarez (FdT) quien estar\u00e1 secundada por Nicol\u00e1s Marinangeli (Juntos) como secretario<\/strong>. Adem\u00e1s, integran est\u00e1 comisi\u00f3n los concejales: Sebasti\u00e1n Matrella (UCR-Juntos), Miriam Mosescu (Juntos), Telma Cazot (FdT) e In\u00e9s Creimer (Foro Olavarr\u00eda &#8211; FR). Funcionar\u00e1n los martes a las 8.30 horas.<\/p>\n<p>&nbsp;<\/p>\n<p><img data-recalc-dims=\"1\" loading=\"lazy\" decoding=\"async\" class=\" wp-image-49265 aligncenter\" src=\"https:\/\/i0.wp.com\/cdnoticias.com\/wp-content\/uploads\/2022\/03\/HCD-natalia-alvarez.jpg?resize=800%2C445&#038;ssl=1\" alt=\"\" width=\"800\" height=\"445\" srcset=\"https:\/\/i0.wp.com\/cdnoticias.com\/wp-content\/uploads\/2022\/03\/HCD-natalia-alvarez.jpg?w=800&amp;ssl=1 800w, https:\/\/i0.wp.com\/cdnoticias.com\/wp-content\/uploads\/2022\/03\/HCD-natalia-alvarez.jpg?resize=300%2C167&amp;ssl=1 300w, https:\/\/i0.wp.com\/cdnoticias.com\/wp-content\/uploads\/2022\/03\/HCD-natalia-alvarez.jpg?resize=768%2C427&amp;ssl=1 768w\" sizes=\"auto, (max-width: 800px) 100vw, 800px\" \/><\/p>\n<p>&nbsp;<\/p>\n<p>En tanto, este jueves tambi\u00e9n inici\u00f3 sus actividades la <strong>comisi\u00f3n de Localidades con Carlos Coscia (Juntos) como presidente<\/strong> y ser\u00e1 secundado por Salerno (Juntos) como secretaria. Adem\u00e1s, la integran Nicol\u00e1s Marinangeli, Celeste Arouxet, Guillermina Amespil, Telma Cazot, Maximiliano Wesner y Mercedes Land\u00edvar Valerio.<\/p>\n<p>&nbsp;<\/p>\n<p><img data-recalc-dims=\"1\" loading=\"lazy\" decoding=\"async\" class=\"size-full wp-image-49263 aligncenter\" src=\"https:\/\/i0.wp.com\/cdnoticias.com\/wp-content\/uploads\/2022\/03\/HCD-coscia.jpg?resize=800%2C445&#038;ssl=1\" alt=\"\" width=\"800\" height=\"445\" srcset=\"https:\/\/i0.wp.com\/cdnoticias.com\/wp-content\/uploads\/2022\/03\/HCD-coscia.jpg?w=800&amp;ssl=1 800w, https:\/\/i0.wp.com\/cdnoticias.com\/wp-content\/uploads\/2022\/03\/HCD-coscia.jpg?resize=300%2C167&amp;ssl=1 300w, https:\/\/i0.wp.com\/cdnoticias.com\/wp-content\/uploads\/2022\/03\/HCD-coscia.jpg?resize=768%2C427&amp;ssl=1 768w\" sizes=\"auto, (max-width: 800px) 100vw, 800px\" \/><\/p>\n<p>&nbsp;<\/p>\n<p>Respecto de la <strong>Comisi\u00f3n de Medio Ambiente, qued\u00f3 a cargo de la concejal Bel\u00e9n Vergel (UCR-Juntos) en la presidencia<\/strong> y Gast\u00f3n Sarachu (FO \u2013 FR), como secretario. Guillermina Amespil, Javier Fr\u00edas, Natalia \u00c1lvarez y Mercedes Land\u00edvar Valerio son tambi\u00e9n parte de la comisi\u00f3n.<\/p>\n<p>&nbsp;<\/p>\n<p><img data-recalc-dims=\"1\" loading=\"lazy\" decoding=\"async\" class=\"size-full wp-image-49268 aligncenter\" src=\"https:\/\/i0.wp.com\/cdnoticias.com\/wp-content\/uploads\/2022\/03\/HCD-vergel.jpg?resize=800%2C445&#038;ssl=1\" alt=\"\" width=\"800\" height=\"445\" srcset=\"https:\/\/i0.wp.com\/cdnoticias.com\/wp-content\/uploads\/2022\/03\/HCD-vergel.jpg?w=800&amp;ssl=1 800w, https:\/\/i0.wp.com\/cdnoticias.com\/wp-content\/uploads\/2022\/03\/HCD-vergel.jpg?resize=300%2C167&amp;ssl=1 300w, https:\/\/i0.wp.com\/cdnoticias.com\/wp-content\/uploads\/2022\/03\/HCD-vergel.jpg?resize=768%2C427&amp;ssl=1 768w\" sizes=\"auto, (max-width: 800px) 100vw, 800px\" \/><\/p>\n<p>&nbsp;<\/p>\n<p>La <strong>Comisi\u00f3n de Seguridad fue la \u00faltima en constituirse este jueves y tendr\u00e1 a Sebasti\u00e1n Matrella (UCR-Juntos)<\/strong> como presidente. Salerno ser\u00e1 secretaria. Los restantes miembros son Gast\u00f3n Sarachu, Javier Fr\u00edas, Juan S\u00e1nchez y Carlos Coscia. Funcionar\u00e1 los d\u00edas jueves, cada 15 d\u00edas, a las 10 horas.<\/p>\n<p>&nbsp;<\/p>\n<p><img data-recalc-dims=\"1\" loading=\"lazy\" decoding=\"async\" class=\"size-full wp-image-49264 aligncenter\" src=\"https:\/\/i0.wp.com\/cdnoticias.com\/wp-content\/uploads\/2022\/03\/HCD-matrella.jpg?resize=800%2C445&#038;ssl=1\" alt=\"\" width=\"800\" height=\"445\" srcset=\"https:\/\/i0.wp.com\/cdnoticias.com\/wp-content\/uploads\/2022\/03\/HCD-matrella.jpg?w=800&amp;ssl=1 800w, https:\/\/i0.wp.com\/cdnoticias.com\/wp-content\/uploads\/2022\/03\/HCD-matrella.jpg?resize=300%2C167&amp;ssl=1 300w, https:\/\/i0.wp.com\/cdnoticias.com\/wp-content\/uploads\/2022\/03\/HCD-matrella.jpg?resize=768%2C427&amp;ssl=1 768w\" sizes=\"auto, (max-width: 800px) 100vw, 800px\" \/><\/p>\n<p>&nbsp;<\/p>\n<p>De esta manera, ya quedaron constituidas todas las comisiones que conforman los concejales de forma permanente. Por el momento, <strong>funciona una sola comisi\u00f3n especial<\/strong> que es la que investiga la presunta venta irregular de terrenos en Olavarr\u00eda y que preside Mercedes Land\u00edvar (FdT) cuyo plazo de funcionamiento terminar\u00e1 a fines de marzo.<\/p>\n","protected":false},"excerpt":{"rendered":"<p>Educaci\u00f3n y Localidades tienen presidentes de Juntos; Salud y Desarrollo Econ\u00f3mico, son encabezadas por el Frente de Todos; Medio Ambiente<\/p>\n","protected":false},"author":4,"featured_media":49262,"comment_status":"closed","ping_status":"closed","sticky":false,"template":"","format":"standard","meta":{"_jetpack_memberships_contains_paid_content":false,"footnotes":""},"categories":[4,1],"tags":[],"class_list":["post-49260","post","type-post","status-publish","format-standard","has-post-thumbnail","hentry","category-politica","category-portada"],"jetpack_featured_media_url":"https:\/\/i0.wp.com\/cdnoticias.com\/wp-content\/uploads\/2022\/03\/HCD-comision-educacion.jpg?fit=800%2C445&ssl=1","jetpack_sharing_enabled":true,"_links":{"self":[{"href":"https:\/\/cdnoticias.com\/index.php\/wp-json\/wp\/v2\/posts\/49260","targetHints":{"allow":["GET"]}}],"collection":[{"href":"https:\/\/cdnoticias.com\/index.php\/wp-json\/wp\/v2\/posts"}],"about":[{"href":"https:\/\/cdnoticias.com\/index.php\/wp-json\/wp\/v2\/types\/post"}],"author":[{"embeddable":true,"href":"https:\/\/cdnoticias.com\/index.php\/wp-json\/wp\/v2\/users\/4"}],"replies":[{"embeddable":true,"href":"https:\/\/cdnoticias.com\/index.php\/wp-json\/wp\/v2\/comments?post=49260"}],"version-history":[{"count":0,"href":"https:\/\/cdnoticias.com\/index.php\/wp-json\/wp\/v2\/posts\/49260\/revisions"}],"wp:featuredmedia":[{"embeddable":true,"href":"https:\/\/cdnoticias.com\/index.php\/wp-json\/wp\/v2\/media\/49262"}],"wp:attachment":[{"href":"https:\/\/cdnoticias.com\/index.php\/wp-json\/wp\/v2\/media?parent=49260"}],"wp:term":[{"taxonomy":"category","embeddable":true,"href":"https:\/\/cdnoticias.com\/index.php\/wp-json\/wp\/v2\/categories?post=49260"},{"taxonomy":"post_tag","embeddable":true,"href":"https:\/\/cdnoticias.com\/index.php\/wp-json\/wp\/v2\/tags?post=49260"}],"curies":[{"name":"wp","href":"https:\/\/api.w.org\/{rel}","templated":true}]}}