{"id":49253,"date":"2022-03-17T10:36:12","date_gmt":"2022-03-17T13:36:12","guid":{"rendered":"https:\/\/www.centraldenoticias.com.ar\/?p=49253"},"modified":"2022-03-17T12:12:56","modified_gmt":"2022-03-17T15:12:56","slug":"convenio-firmado-para-poner-en-marcha-las-ultimas-casas-del-barrio-educadores","status":"publish","type":"post","link":"https:\/\/cdnoticias.com\/index.php\/2022\/03\/17\/convenio-firmado-para-poner-en-marcha-las-ultimas-casas-del-barrio-educadores\/","title":{"rendered":"Convenio firmado para poner en marcha las \u00faltimas casas del barrio Educadores"},"content":{"rendered":"<p>El ministro Simone y Federico Aguilera firmaron el acuerdo. Estuvo Jos\u00e9 Gonz\u00e1lez Hueso, quien gestion\u00f3 avances para el barrio y hubo recuerdos para la Alicia Tabar\u00e9s.<!--more--><\/p>\n<hr \/>\n<p><strong>Federico Aguilera particip\u00f3 de la firma del convenio para la construcci\u00f3n de las 21 viviendas del barrio Educadores<\/strong>. Fue en la tarde de este mi\u00e9rcoles, <a href=\"https:\/\/cdnoticias.com\/index.php\/2022\/03\/16\/barrio-educadores-aguilera-firmara-el-convenio-con-el-ministro-simone\/\" target=\"_blank\" rel=\"noopener\">tal como se hab\u00eda adelantado<\/a>.<\/p>\n<p>&nbsp;<\/p>\n<p>Estuvo en la sede del <strong>Ministerio de H\u00e1bitat y Desarrollo Urbano con el titular, Agust\u00edn Simone<\/strong>, quien firm\u00f3 el convenio.<\/p>\n<p>&nbsp;<\/p>\n<p><img data-recalc-dims=\"1\" loading=\"lazy\" decoding=\"async\" class=\"size-full wp-image-49254 aligncenter\" src=\"https:\/\/i0.wp.com\/cdnoticias.com\/wp-content\/uploads\/2022\/03\/aguilera-simone-educadores-00.jpg?resize=800%2C445&#038;ssl=1\" alt=\"\" width=\"800\" height=\"445\" srcset=\"https:\/\/i0.wp.com\/cdnoticias.com\/wp-content\/uploads\/2022\/03\/aguilera-simone-educadores-00.jpg?w=800&amp;ssl=1 800w, https:\/\/i0.wp.com\/cdnoticias.com\/wp-content\/uploads\/2022\/03\/aguilera-simone-educadores-00.jpg?resize=300%2C167&amp;ssl=1 300w, https:\/\/i0.wp.com\/cdnoticias.com\/wp-content\/uploads\/2022\/03\/aguilera-simone-educadores-00.jpg?resize=768%2C427&amp;ssl=1 768w\" sizes=\"auto, (max-width: 800px) 100vw, 800px\" \/><\/p>\n<p>&nbsp;<\/p>\n<p>De esta forma, luego de 21 a\u00f1os finalizar\u00e1 el barrio. Se trata de la <strong>construcci\u00f3n de 21 viviendas<\/strong> que son parte de la \u00faltima etapa del complejo y representa una <strong>inversi\u00f3n del Estado Provincial de $ 115.396.114,91<\/strong>. <a href=\"https:\/\/cdnoticias.com\/index.php\/2022\/03\/07\/educadores-tras-dos-decadas-de-espera-se-terminara-el-barrio\/\" target=\"_blank\" rel=\"noopener\">Los anuncios a los vecinos se hicieron la semana pasada<\/a>.<\/p>\n<p>&nbsp;<\/p>\n<p>El Subsecretario de Miner\u00eda, Federico Aguilera, inform\u00f3 que de la firma del convenio participaron el Ministro de Desarrollo de H\u00e1bitat Agust\u00edn Simone y el administrador del Instituto de la Vivienda Diego Men\u00e9ndez, el <strong>apoderado de la Entidad Asociaci\u00f3n Civil de Educadores N\u00e9stor Martonaro<\/strong> y tambi\u00e9n <strong>fue invitado Jos\u00e9 Gonz\u00e1lez Hueso<\/strong> quien llev\u00f3 a cabo parte de las gestiones en diferentes momentos para el barrio que dio inicio la <strong>ex Diputada Provincial Alicia Tabar\u00e9s<\/strong>.<\/p>\n<p>&nbsp;<\/p>\n<blockquote><p>El funcionario provincial en el anunci\u00f3 enfatiz\u00f3: \u201cDespu\u00e9s de 21 a\u00f1os las familias concretar\u00e1n el sue\u00f1o de la casa propia cumpliendo la hist\u00f3rica demanda\u201d.<\/p><\/blockquote>\n<p>&nbsp;<\/p>\n<blockquote class=\"twitter-tweet\">\n<p dir=\"ltr\" lang=\"es\">Despu\u00e9s de 21 a\u00f1os las familias concretar\u00e1n el sue\u00f1o de la casa propia cumpliendo la hist\u00f3rica demanda. \ud83c\udfe0<\/p>\n<p>\u2014 Federico Aguilera (@FedericoAguile5) <a href=\"https:\/\/twitter.com\/FedericoAguile5\/status\/1504435679857676289?ref_src=twsrc%5Etfw\">March 17, 2022<\/a><\/p><\/blockquote>\n<p><script async src=\"https:\/\/platform.twitter.com\/widgets.js\" charset=\"utf-8\"><\/script><\/p>\n","protected":false},"excerpt":{"rendered":"<p>El ministro Simone y Federico Aguilera firmaron el acuerdo. Estuvo Jos\u00e9 Gonz\u00e1lez Hueso, quien gestion\u00f3 avances para el barrio y<\/p>\n","protected":false},"author":4,"featured_media":49255,"comment_status":"closed","ping_status":"closed","sticky":false,"template":"","format":"standard","meta":{"_jetpack_memberships_contains_paid_content":false,"footnotes":""},"categories":[5,1],"tags":[],"class_list":["post-49253","post","type-post","status-publish","format-standard","has-post-thumbnail","hentry","category-informacion-general","category-portada"],"jetpack_featured_media_url":"https:\/\/i0.wp.com\/cdnoticias.com\/wp-content\/uploads\/2022\/03\/aguilera-simone-educadores-01.jpg?fit=800%2C445&ssl=1","jetpack_sharing_enabled":true,"_links":{"self":[{"href":"https:\/\/cdnoticias.com\/index.php\/wp-json\/wp\/v2\/posts\/49253","targetHints":{"allow":["GET"]}}],"collection":[{"href":"https:\/\/cdnoticias.com\/index.php\/wp-json\/wp\/v2\/posts"}],"about":[{"href":"https:\/\/cdnoticias.com\/index.php\/wp-json\/wp\/v2\/types\/post"}],"author":[{"embeddable":true,"href":"https:\/\/cdnoticias.com\/index.php\/wp-json\/wp\/v2\/users\/4"}],"replies":[{"embeddable":true,"href":"https:\/\/cdnoticias.com\/index.php\/wp-json\/wp\/v2\/comments?post=49253"}],"version-history":[{"count":0,"href":"https:\/\/cdnoticias.com\/index.php\/wp-json\/wp\/v2\/posts\/49253\/revisions"}],"wp:featuredmedia":[{"embeddable":true,"href":"https:\/\/cdnoticias.com\/index.php\/wp-json\/wp\/v2\/media\/49255"}],"wp:attachment":[{"href":"https:\/\/cdnoticias.com\/index.php\/wp-json\/wp\/v2\/media?parent=49253"}],"wp:term":[{"taxonomy":"category","embeddable":true,"href":"https:\/\/cdnoticias.com\/index.php\/wp-json\/wp\/v2\/categories?post=49253"},{"taxonomy":"post_tag","embeddable":true,"href":"https:\/\/cdnoticias.com\/index.php\/wp-json\/wp\/v2\/tags?post=49253"}],"curies":[{"name":"wp","href":"https:\/\/api.w.org\/{rel}","templated":true}]}}