{"id":49216,"date":"2022-03-16T18:25:44","date_gmt":"2022-03-16T21:25:44","guid":{"rendered":"https:\/\/www.centraldenoticias.com.ar\/?p=49216"},"modified":"2022-03-16T18:25:44","modified_gmt":"2022-03-16T21:25:44","slug":"luis-silverio-ostertag-sito-q-e-p-d","status":"publish","type":"post","link":"https:\/\/cdnoticias.com\/index.php\/2022\/03\/16\/luis-silverio-ostertag-sito-q-e-p-d\/","title":{"rendered":"Luis Silverio Ostertag \u201cSito\u201d (Q.E.P.D.)"},"content":{"rendered":"<p>Falleci\u00f3 en Olavarr\u00eda el 16 marzo a los 89 a\u00f1os de edad. Sus hijos Enrique y \u00c1ngel Ostertag; sus nueras Rosana Messineo y M\u00f3nica Peterlana; sus nietos Cristian, Ezequiel e Iv\u00e1n; sus hermanos y hermanas; sus cu\u00f1ados, cu\u00f1adas y dem\u00e1s deudos participan de su fallecimiento.<\/p>\n<p>&nbsp;<\/p>\n<p>Sus restos ser\u00e1n velados en Espa\u00f1a 2942 departamento &#8221;D&#8221; (a partir de las 6:30 de este jueves 17 de marzo) y ser\u00e1n inhumados en el cementerio Loma de Paz a las 10:30, previo responso en la capilla ardiente. Vecino de barrio C.E.C.O. Nacido en Coronel Su\u00e1rez. Jubilado de Cerro Negro.<\/p>\n","protected":false},"excerpt":{"rendered":"<p>Falleci\u00f3 en Olavarr\u00eda el 16 marzo a los 89 a\u00f1os de edad. Sus hijos Enrique y \u00c1ngel Ostertag; sus nueras<\/p>\n","protected":false},"author":5,"featured_media":0,"comment_status":"closed","ping_status":"closed","sticky":false,"template":"","format":"standard","meta":{"_jetpack_memberships_contains_paid_content":false,"footnotes":""},"categories":[10],"tags":[],"class_list":["post-49216","post","type-post","status-publish","format-standard","hentry","category-necrologicas"],"jetpack_featured_media_url":"","jetpack_sharing_enabled":true,"_links":{"self":[{"href":"https:\/\/cdnoticias.com\/index.php\/wp-json\/wp\/v2\/posts\/49216","targetHints":{"allow":["GET"]}}],"collection":[{"href":"https:\/\/cdnoticias.com\/index.php\/wp-json\/wp\/v2\/posts"}],"about":[{"href":"https:\/\/cdnoticias.com\/index.php\/wp-json\/wp\/v2\/types\/post"}],"author":[{"embeddable":true,"href":"https:\/\/cdnoticias.com\/index.php\/wp-json\/wp\/v2\/users\/5"}],"replies":[{"embeddable":true,"href":"https:\/\/cdnoticias.com\/index.php\/wp-json\/wp\/v2\/comments?post=49216"}],"version-history":[{"count":0,"href":"https:\/\/cdnoticias.com\/index.php\/wp-json\/wp\/v2\/posts\/49216\/revisions"}],"wp:attachment":[{"href":"https:\/\/cdnoticias.com\/index.php\/wp-json\/wp\/v2\/media?parent=49216"}],"wp:term":[{"taxonomy":"category","embeddable":true,"href":"https:\/\/cdnoticias.com\/index.php\/wp-json\/wp\/v2\/categories?post=49216"},{"taxonomy":"post_tag","embeddable":true,"href":"https:\/\/cdnoticias.com\/index.php\/wp-json\/wp\/v2\/tags?post=49216"}],"curies":[{"name":"wp","href":"https:\/\/api.w.org\/{rel}","templated":true}]}}