{"id":49213,"date":"2022-03-16T18:21:44","date_gmt":"2022-03-16T21:21:44","guid":{"rendered":"https:\/\/www.centraldenoticias.com.ar\/?p=49213"},"modified":"2022-03-18T07:47:22","modified_gmt":"2022-03-18T10:47:22","slug":"por-el-descarrilamiento-suspendieron-la-llegada-del-tren-museo-itinerante","status":"publish","type":"post","link":"https:\/\/cdnoticias.com\/index.php\/2022\/03\/16\/por-el-descarrilamiento-suspendieron-la-llegada-del-tren-museo-itinerante\/","title":{"rendered":"Por el descarrilamiento suspendieron la llegada del Tren Museo Itinerante"},"content":{"rendered":"<p>La postergaci\u00f3n responde a la vigencia de la cautelar emitida desde el Juzgado Federal, desde donde se investiga el siniestro ocurrido d\u00edas atr\u00e1s.<!--more--><\/p>\n<hr \/>\n<p>La investigaci\u00f3n por <strong>descarrilamiento del tren de pasajeros ocurrido d\u00edas atr\u00e1s a la altura de Pourtal\u00e9<\/strong> dio lugar a una noticia inesperada, ya que<strong> impidi\u00f3 el arribo del Tren Museo Itinerante a Olavarr\u00eda<\/strong>, lo cual <a href=\"https:\/\/cdnoticias.com\/index.php\/2022\/03\/15\/el-tren-museo-itinerante-llegara-este-viernes-a-olavarria\/\" target=\"_blank\" rel=\"noopener\">estaba pautado para este fin de semana<\/a>.<\/p>\n<p>&nbsp;<\/p>\n<p><img data-recalc-dims=\"1\" loading=\"lazy\" decoding=\"async\" class=\"alignnone size-full wp-image-48926\" src=\"https:\/\/i0.wp.com\/cdnoticias.com\/wp-content\/uploads\/2022\/03\/tren-cultural-2.jpeg?resize=720%2C480&#038;ssl=1\" alt=\"\" width=\"720\" height=\"480\" srcset=\"https:\/\/i0.wp.com\/cdnoticias.com\/wp-content\/uploads\/2022\/03\/tren-cultural-2.jpeg?w=720&amp;ssl=1 720w, https:\/\/i0.wp.com\/cdnoticias.com\/wp-content\/uploads\/2022\/03\/tren-cultural-2.jpeg?resize=300%2C200&amp;ssl=1 300w, https:\/\/i0.wp.com\/cdnoticias.com\/wp-content\/uploads\/2022\/03\/tren-cultural-2.jpeg?resize=272%2C182&amp;ssl=1 272w\" sizes=\"auto, (max-width: 720px) 100vw, 720px\" \/><\/p>\n<p>&nbsp;<\/p>\n<p>La novedad fue confirmada en las \u00faltimas horas por el referente del Foro Olavarr\u00eda \u2013 Frente Renovador, Eduardo Rodr\u00edguez, quien expres\u00f3 que la cancelaci\u00f3n responde a la vigencia de la <a href=\"https:\/\/cdnoticias.com\/index.php\/2022\/03\/14\/la-justicia-federal-prohibio-que-se-restablezca-el-servicio-en-el-ramal-constitucion-bahia-blanca\/\" target=\"_blank\" rel=\"noopener\">\u201cprohibici\u00f3n cautelar\u201d emitida a inicios de semana por el Juzgado Federal N\u00b0 1 de Azul<\/a>, a cargo de Gabriel Di Giulio, que<strong> impide la utilizaci\u00f3n del ramal Constituci\u00f3n-Bah\u00eda Blanca.<\/strong><\/p>\n<p>&nbsp;<\/p>\n<p><strong>\u201cLamentamos las molestias ocasionadas por causas ajenas a la empresa, e Informaremos a la brevedad acerca de la continuidad del recorrido del tren\u201d<\/strong>, expres\u00f3 Rodr\u00edguez en una comunicaci\u00f3n emitida a los medios locales.<\/p>\n<p>&nbsp;<\/p>\n<p>Vale recordar que<strong> la vigencia de esa cautelar responde a la remisi\u00f3n de una serie de informes que deben ser elevados a la Justicia<\/strong>, todo en el marco de la investigaci\u00f3n que pretende establecer condiciones y, m\u00e1s a\u00fan, responsabilidades acerca del siniestro que ocasion\u00f3 una veintena de personas heridas, adem\u00e1s de severos da\u00f1os en rieles y durmientes.<\/p>\n<p>&nbsp;<\/p>\n<p>&nbsp;<\/p>\n<p>&nbsp;<\/p>\n<p>Di Giulio dictamin\u00f3 que para levantar la medida \u201clas Empresas Trenes Argentinos, Ferro Pampeana SAC y SOFSE ROCA en forma conjunta y\/o separada -dentro de sus respectivas competencias o \u00e1mbitos concesionados-, deber\u00e1n elevar al Juzgado <strong>un informe t\u00e9cnico con el relevamiento e inspecci\u00f3n del ramal completo, que detalle el estado de las v\u00edas, terreno y fundamentalmente especifique si el mismo garantiza la seguridad de los pasajeros y del personal ferroviario<\/strong> dentro de los est\u00e1ndares t\u00e9cnicos aplicables. El informe deber\u00e1 fundarse en relevamientos y estudios que garanticen su actualidad\u201d.<\/p>\n<p>&nbsp;<\/p>\n<p>A la par, tambi\u00e9n se requiri\u00f3 que esas mismas empresas \u201cdeber\u00e1n informar al Juzgado <strong>cu\u00e1les son las medidas de seguridad que se adoptar\u00e1n para garantizar la seguridad de los pasajeros y personal ferroviario<\/strong> y remitir el plan de implementaci\u00f3n con detalle de metas y en su caso de plazos\u201d.<\/p>\n","protected":false},"excerpt":{"rendered":"<p>La postergaci\u00f3n responde a la vigencia de la cautelar emitida desde el Juzgado Federal, desde donde se investiga el siniestro<\/p>\n","protected":false},"author":3,"featured_media":48426,"comment_status":"closed","ping_status":"closed","sticky":false,"template":"","format":"standard","meta":{"_jetpack_memberships_contains_paid_content":false,"footnotes":""},"categories":[9,1],"tags":[],"class_list":["post-49213","post","type-post","status-publish","format-standard","has-post-thumbnail","hentry","category-cultura","category-portada"],"jetpack_featured_media_url":"https:\/\/i0.wp.com\/cdnoticias.com\/wp-content\/uploads\/2022\/03\/tren-14.jpg?fit=1000%2C556&ssl=1","jetpack_sharing_enabled":true,"_links":{"self":[{"href":"https:\/\/cdnoticias.com\/index.php\/wp-json\/wp\/v2\/posts\/49213","targetHints":{"allow":["GET"]}}],"collection":[{"href":"https:\/\/cdnoticias.com\/index.php\/wp-json\/wp\/v2\/posts"}],"about":[{"href":"https:\/\/cdnoticias.com\/index.php\/wp-json\/wp\/v2\/types\/post"}],"author":[{"embeddable":true,"href":"https:\/\/cdnoticias.com\/index.php\/wp-json\/wp\/v2\/users\/3"}],"replies":[{"embeddable":true,"href":"https:\/\/cdnoticias.com\/index.php\/wp-json\/wp\/v2\/comments?post=49213"}],"version-history":[{"count":0,"href":"https:\/\/cdnoticias.com\/index.php\/wp-json\/wp\/v2\/posts\/49213\/revisions"}],"wp:featuredmedia":[{"embeddable":true,"href":"https:\/\/cdnoticias.com\/index.php\/wp-json\/wp\/v2\/media\/48426"}],"wp:attachment":[{"href":"https:\/\/cdnoticias.com\/index.php\/wp-json\/wp\/v2\/media?parent=49213"}],"wp:term":[{"taxonomy":"category","embeddable":true,"href":"https:\/\/cdnoticias.com\/index.php\/wp-json\/wp\/v2\/categories?post=49213"},{"taxonomy":"post_tag","embeddable":true,"href":"https:\/\/cdnoticias.com\/index.php\/wp-json\/wp\/v2\/tags?post=49213"}],"curies":[{"name":"wp","href":"https:\/\/api.w.org\/{rel}","templated":true}]}}