{"id":49204,"date":"2022-03-18T11:24:18","date_gmt":"2022-03-18T14:24:18","guid":{"rendered":"https:\/\/www.centraldenoticias.com.ar\/?p=49204"},"modified":"2022-03-18T11:24:18","modified_gmt":"2022-03-18T14:24:18","slug":"este-sabado-se-celebrara-el-dia-del-artesano-con-una-gran-feria","status":"publish","type":"post","link":"https:\/\/cdnoticias.com\/index.php\/2022\/03\/18\/este-sabado-se-celebrara-el-dia-del-artesano-con-una-gran-feria\/","title":{"rendered":"Este s\u00e1bado se celebrar\u00e1 el D\u00eda del Artesano con una gran feria"},"content":{"rendered":"<p>La feria estar\u00e1 desde el viernes 18 hasta el domingo 20 en la Plaza Central y el Paseo \u201cJes\u00fas Mend\u00eda\u201d. Los detalles. <!--more--><\/p>\n<hr \/>\n<p>&nbsp;<\/p>\n<p>La <strong>Plaza Central y el Paseo \u201cJes\u00fas Mend\u00eda<\/strong>\u201d se convertir\u00e1n en una <strong>gran feria de artesanos<\/strong>, desde el <strong>viernes 18 y hasta el domingo 20<\/strong>, en el marco de la <strong>celebraci\u00f3n del D\u00eda del Artesano<\/strong>, que se conmemora cada <strong>19 de marzo.<\/strong><\/p>\n<p>&nbsp;<\/p>\n<p><strong>Participar\u00e1n artesanos locales<\/strong> que utilizan <strong>diferentes t\u00e9cnicas<\/strong> tales como papel mach\u00e9, orfebrer\u00eda, tejido en telar, hilado, encuadernaci\u00f3n, cester\u00eda ecol\u00f3gica, tejido en paja vizcachera, cer\u00e1mica, vitrofusi\u00f3n, marroquiner\u00eda, madera, amigurumis, macram\u00e9, velas, pintura art\u00edstica, bordado, artesan\u00eda reciclada y resignificaci\u00f3n.<\/p>\n<p>&nbsp;<\/p>\n<p>&#8220;El objetivo de esta propuesta es <strong>impulsar y reconocer la actividad artesanal en el Partido de Olavarr\u00eda<\/strong>, y que a trav\u00e9s de este tipo de eventos se permita dar un <strong>espacio de encuentro y sociabilizaci\u00f3n,<\/strong> generando v\u00ednculos y colaborando a la <strong>econom\u00eda social&#8221;<\/strong> se indic\u00f3.<\/p>\n<p>&nbsp;<\/p>\n<p>Asimismo, durante el domingo se sumar\u00e1n a la propuesta los participantes del <strong>9no Festival Internacional de Estatuas Vivientes<\/strong>, un <strong>patio cervecero<\/strong> y el <strong>Festival de Bandas<\/strong>, que se realizar\u00e1 en el vered\u00f3n del <strong>Museo D\u00e1maso Arce.<\/strong><\/p>\n<p>&nbsp;<\/p>\n<p><strong>Nueva fecha para fiscalizaci\u00f3n de artesanos<\/strong><\/p>\n<p>&nbsp;<\/p>\n<p>Desde la <strong>Subsecretar\u00eda de Cultura y Educaci\u00f3n<\/strong>, se convoca a los <strong>artesanos del Partido de Olavarr\u00eda<\/strong> que les interese formar parte de la base de datos del Municipio, que <strong>nunca hayan sido fiscalizados<\/strong> ni cuenten con el carnet correspondiente.<\/p>\n<p>&nbsp;<\/p>\n<p>Los interesados,<strong> deber\u00e1n acercarse<\/strong> para ser fiscalizados el <strong>d\u00eda 22 de marzo<\/strong> desde<strong> 9:00 a 12:00<\/strong> en la <strong>Casa de la Cultura,<\/strong> ubicada en <strong>Coronel Su\u00e1rez 2924.<\/strong> Asimismo, desde el \u00e1rea se indic\u00f3 que deber\u00e1n llevar fotocopia de DNI, dos fotos tipo carnet y una muestra de lo que realizan.<\/p>\n<p>&nbsp;<\/p>\n","protected":false},"excerpt":{"rendered":"<p>La feria estar\u00e1 desde el viernes 18 hasta el domingo 20 en la Plaza Central y el Paseo \u201cJes\u00fas Mend\u00eda\u201d.<\/p>\n","protected":false},"author":6,"featured_media":49205,"comment_status":"closed","ping_status":"closed","sticky":false,"template":"","format":"standard","meta":{"_jetpack_memberships_contains_paid_content":false,"footnotes":""},"categories":[9,1],"tags":[],"class_list":["post-49204","post","type-post","status-publish","format-standard","has-post-thumbnail","hentry","category-cultura","category-portada"],"jetpack_featured_media_url":"https:\/\/i0.wp.com\/cdnoticias.com\/wp-content\/uploads\/2022\/03\/Cultura-Feria-artesanos-2-1024x682-1.jpg?fit=1024%2C682&ssl=1","jetpack_sharing_enabled":true,"_links":{"self":[{"href":"https:\/\/cdnoticias.com\/index.php\/wp-json\/wp\/v2\/posts\/49204","targetHints":{"allow":["GET"]}}],"collection":[{"href":"https:\/\/cdnoticias.com\/index.php\/wp-json\/wp\/v2\/posts"}],"about":[{"href":"https:\/\/cdnoticias.com\/index.php\/wp-json\/wp\/v2\/types\/post"}],"author":[{"embeddable":true,"href":"https:\/\/cdnoticias.com\/index.php\/wp-json\/wp\/v2\/users\/6"}],"replies":[{"embeddable":true,"href":"https:\/\/cdnoticias.com\/index.php\/wp-json\/wp\/v2\/comments?post=49204"}],"version-history":[{"count":0,"href":"https:\/\/cdnoticias.com\/index.php\/wp-json\/wp\/v2\/posts\/49204\/revisions"}],"wp:featuredmedia":[{"embeddable":true,"href":"https:\/\/cdnoticias.com\/index.php\/wp-json\/wp\/v2\/media\/49205"}],"wp:attachment":[{"href":"https:\/\/cdnoticias.com\/index.php\/wp-json\/wp\/v2\/media?parent=49204"}],"wp:term":[{"taxonomy":"category","embeddable":true,"href":"https:\/\/cdnoticias.com\/index.php\/wp-json\/wp\/v2\/categories?post=49204"},{"taxonomy":"post_tag","embeddable":true,"href":"https:\/\/cdnoticias.com\/index.php\/wp-json\/wp\/v2\/tags?post=49204"}],"curies":[{"name":"wp","href":"https:\/\/api.w.org\/{rel}","templated":true}]}}