{"id":49191,"date":"2022-03-16T12:37:29","date_gmt":"2022-03-16T15:37:29","guid":{"rendered":"https:\/\/www.centraldenoticias.com.ar\/?p=49191"},"modified":"2022-03-16T12:37:29","modified_gmt":"2022-03-16T15:37:29","slug":"provincia-confirmo-suba-de-casos-de-gripe-poco-habitual-para-la-epoca","status":"publish","type":"post","link":"https:\/\/cdnoticias.com\/index.php\/2022\/03\/16\/provincia-confirmo-suba-de-casos-de-gripe-poco-habitual-para-la-epoca\/","title":{"rendered":"Provincia confirm\u00f3 suba de casos de gripe \u201cpoco habitual para la \u00e9poca\u201d"},"content":{"rendered":"<p>En todo el pa\u00eds se registraron m\u00e1s cuadros de la enfermedad, principalmente los causados por el virus de la Influenza A H3N2. Cu\u00e1ndo comienza la vacunaci\u00f3n.<!--more--><\/p>\n<hr \/>\n<p><strong>Hace algunas semanas se evidencian, en varias regiones del pa\u00eds, m\u00e1s cuadros de gripe causados por el virus de la Influenza A H3N2 que los que se esperan para esta \u00e9poca del a\u00f1o<\/strong>, y la provincia de Buenos Aires no es la excepci\u00f3n.<\/p>\n<p>&nbsp;<\/p>\n<p>El ministro de Salud bonaerense, <strong>Nicol\u00e1s Kreplak, confirm\u00f3 un aumento de casos de Gripe A,<\/strong> explic\u00f3 que en muchos casos e internaciones se busca el coronavirus por los s\u00edntomas y se encuentra esta variante, y adelant\u00f3 que la campa\u00f1a de vacunaci\u00f3n para las personas de riesgo comenzar\u00e1 a principio de abril.<\/p>\n<p>&nbsp;<\/p>\n<blockquote><p>\u201cDesde que empez\u00f3 la pandemia hemos tenido casi nula circulaci\u00f3n de gripe en 2020 y 2021, hubo muy pocos casos de gripe pero estamos viendo un aumento de casos que no es comparable con una epidemia como fue la de 2018 pero si que sucede que est\u00e1 dos meses antes, hay aumento, esto tambi\u00e9n pas\u00f3 en Brasil hace un mes atr\u00e1s\u201d, dijo hoy el ministro de Salud provincial en di\u00e1logo con radio FM Urbana Play.<\/p><\/blockquote>\n<p>&nbsp;<\/p>\n<p>Adem\u00e1s, Kreplak explic\u00f3: \u201cEn algunos casos o internaciones que <strong>uno busca Covid por los s\u00edntomas, se encuentra gripe, un tipo de gripe que es Gripe A, que est\u00e1 por venir la vacuna que llega en un par de semanas<\/strong>, es una vacuna que todav\u00eda no esta dada por eso hay que tener cuidado la poblaci\u00f3n de riesgo\u201d.<\/p>\n<p>&nbsp;<\/p>\n<p>Entre ellas se refiri\u00f3 a los<strong> mayores de 60 a\u00f1os, los menores de 2 a\u00f1os, los trabajadores de la salud, o los que tienen enfermedades cr\u00f3nicas<\/strong>.<\/p>\n<p>&nbsp;<\/p>\n<blockquote><p>\u201cTodos tienen que preparase para vacunarse, esperemos que los primeros d\u00edas de abril podamos empezar con la campa\u00f1a de vacunaci\u00f3n\u201d, asever\u00f3.\u00a0\u201cHoy tenemos un brote y algunas internaciones de neumon\u00eda por esta gripe, pero las medidas son las mismas que para el Covid-19 como la ventilaci\u00f3n cruzada y lavarse las manos\u201d, dijo.<\/p><\/blockquote>\n<p>&nbsp;<\/p>\n<p>Al ser consultado de por qu\u00e9 se adelant\u00f3 la aparici\u00f3n de este tipo de gripe, el ministro dijo que <strong>\u201chace como dos a\u00f1os que no hay una epidemia fuerte\u201d,<\/strong> y consider\u00f3 que en las \u00faltimas semanas hubo un relajamiento de los cuidados sanitarios que hicieron que volvieran \u201ca circular enfermedades respiratorias que, aunque no son tan contagiosas como el coronavirus se contagian fuera de tiempo\u201d.<\/p>\n<p>&nbsp;<\/p>\n<p>Por eso, inst\u00f3 a \u201caplicar lo que aprendimos con la pandemia;<strong> el cuidado de la higiene, la ventilaci\u00f3n de ambientes, no ir a trabajar con mocos, estornudos, o tos,<\/strong> ya que eso es lo que contagia\u201d.<\/p>\n<p>&nbsp;<\/p>\n<p>Fuente: <em>Agencia DIB<\/em><\/p>\n","protected":false},"excerpt":{"rendered":"<p>En todo el pa\u00eds se registraron m\u00e1s cuadros de la enfermedad, principalmente los causados por el virus de la Influenza<\/p>\n","protected":false},"author":4,"featured_media":49192,"comment_status":"closed","ping_status":"closed","sticky":false,"template":"","format":"standard","meta":{"_jetpack_memberships_contains_paid_content":false,"footnotes":""},"categories":[6],"tags":[],"class_list":["post-49191","post","type-post","status-publish","format-standard","has-post-thumbnail","hentry","category-nacionales"],"jetpack_featured_media_url":"https:\/\/i0.wp.com\/cdnoticias.com\/wp-content\/uploads\/2022\/03\/DIb-Vacuna-2-696x464-1.jpg?fit=696%2C464&ssl=1","jetpack_sharing_enabled":true,"_links":{"self":[{"href":"https:\/\/cdnoticias.com\/index.php\/wp-json\/wp\/v2\/posts\/49191","targetHints":{"allow":["GET"]}}],"collection":[{"href":"https:\/\/cdnoticias.com\/index.php\/wp-json\/wp\/v2\/posts"}],"about":[{"href":"https:\/\/cdnoticias.com\/index.php\/wp-json\/wp\/v2\/types\/post"}],"author":[{"embeddable":true,"href":"https:\/\/cdnoticias.com\/index.php\/wp-json\/wp\/v2\/users\/4"}],"replies":[{"embeddable":true,"href":"https:\/\/cdnoticias.com\/index.php\/wp-json\/wp\/v2\/comments?post=49191"}],"version-history":[{"count":0,"href":"https:\/\/cdnoticias.com\/index.php\/wp-json\/wp\/v2\/posts\/49191\/revisions"}],"wp:featuredmedia":[{"embeddable":true,"href":"https:\/\/cdnoticias.com\/index.php\/wp-json\/wp\/v2\/media\/49192"}],"wp:attachment":[{"href":"https:\/\/cdnoticias.com\/index.php\/wp-json\/wp\/v2\/media?parent=49191"}],"wp:term":[{"taxonomy":"category","embeddable":true,"href":"https:\/\/cdnoticias.com\/index.php\/wp-json\/wp\/v2\/categories?post=49191"},{"taxonomy":"post_tag","embeddable":true,"href":"https:\/\/cdnoticias.com\/index.php\/wp-json\/wp\/v2\/tags?post=49191"}],"curies":[{"name":"wp","href":"https:\/\/api.w.org\/{rel}","templated":true}]}}