{"id":49188,"date":"2022-03-16T12:12:35","date_gmt":"2022-03-16T15:12:35","guid":{"rendered":"https:\/\/www.centraldenoticias.com.ar\/?p=49188"},"modified":"2022-03-16T12:12:35","modified_gmt":"2022-03-16T15:12:35","slug":"nueva-autoridad-regional-en-el-area-de-educacion-de-adultos","status":"publish","type":"post","link":"https:\/\/cdnoticias.com\/index.php\/2022\/03\/16\/nueva-autoridad-regional-en-el-area-de-educacion-de-adultos\/","title":{"rendered":"Nueva autoridad regional en el \u00e1rea de Educaci\u00f3n de Adultos"},"content":{"rendered":"<p>Guillermo P\u00e9rez ser\u00e1 el nuevo Referente T\u00e9cnico Territorial de la Direcci\u00f3n de Educaci\u00f3n de J\u00f3venes,\u00a0 Adultos y Adultos Mayores Regi\u00f3n 25.<!--more--><\/p>\n<hr \/>\n<p>Este mi\u00e9rcoles se anunci\u00f3 que <strong>Guillermo P\u00e9rez ser\u00e1 el nuevo Referente T\u00e9cnico Territorial de la Direcci\u00f3n de Educaci\u00f3n de J\u00f3venes,\u00a0 Adultos y Adultos Mayores Regi\u00f3n 25<\/strong>.<\/p>\n<p>&nbsp;<\/p>\n<p>Tras la designaci\u00f3n tendr\u00e1 a su cargo <strong>acompa\u00f1ar las pol\u00edticas p\u00fablicas en las m\u00e1s de las 30 instituciones educativas de la modalidad en la regi\u00f3n<\/strong> que componen Olavarr\u00eda, Azul, Bol\u00edvar y Tapalqu\u00e9.<\/p>\n<p>&nbsp;<\/p>\n<p>La funci\u00f3n del RTT es la articulaci\u00f3n directa, en territorio, entre<strong> la Direcci\u00f3n de Educaci\u00f3n de J\u00f3venes,\u00a0 Adultos y Adultos Mayores a cargo de Silvia Vilta, con los diferentes actores que integran la modalidad<\/strong>: inspectores, directivos, docentes, estudiantes y la comunidad en su conjunto.<\/p>\n<p>&nbsp;<\/p>\n<p>Actualmente Regi\u00f3n 25 cuenta con <strong>una amplia propuesta educativa para vecinos y vecinas, mayores de 18 a\u00f1os<\/strong>, que por diferentes motivos no han podido retomar o completar su trayectoria educativa.<\/p>\n<p>&nbsp;<\/p>\n<blockquote><p>&#8220;Con la designaci\u00f3n de P\u00e9rez el gobierno provincial busca continuar afirmando y afianzando el derecho a la educaci\u00f3n asegurando la igualdad, gratuidad, laicidad y el acceso a todos los niveles del sistema educativo para todos los vecinos y vecinas de la Regi\u00f3n&#8221; se inform\u00f3.<\/p><\/blockquote>\n<p>&nbsp;<\/p>\n<p>&#8220;El gobernador Axel Kicillof sostiene que nuestro objetivo es<strong> volver a convertir los Derechos Humanos en una verdadera pol\u00edtica de Estado<\/strong> y el acceso a la educaci\u00f3n es un derecho humano indispensable para el desarrollo completo de las personas y es una de las herramientas m\u00e1s poderosas para mejorar las condiciones sociales de los ni\u00f1os y adultos&#8221; sostuvo P\u00e9rez.<\/p>\n<p>&nbsp;<\/p>\n<p>Actualmente la modalidad cuenta con propuestas en educaci\u00f3n de primaria, denominados E.E.P.A. (Escuela de Educaci\u00f3n Primaria para Adultos) o C.E.A (Centro de Educaci\u00f3n de Adultos) distribuidos en lugares estrat\u00e9gicos en cada distrito. En la regi\u00f3n <strong>componen la modalidad 22 instituciones con una matr\u00edcula que supera los 160 estudiantes<\/strong>. En tanto que la modalidad secundaria para adultos es variada y muy extensiva, con una matr\u00edcula total de casi 2000 estudiantes.<\/p>\n<p>&nbsp;<\/p>\n<p>La propuesta est\u00e1 integrada por los Cens, con sus diferentes modalidades, presenciales y a distancia, y el FinEs trayecto y deudores de materias. <strong>La cursada consta de tres a\u00f1os, tres veces a la semana<\/strong>, seg\u00fan un an\u00e1lisis de la trayectoria educativa del estudiante, en horario de tarde o vespertino. De la modalidad completan sus estudios un promedio de 150 estudiantes por a\u00f1o.<\/p>\n<p>&nbsp;<\/p>\n<p>Para m\u00e1s consulta e informaci\u00f3n sobre la modalidad y las diferentes propuestas acad\u00e9micas se pueden comunicar, v\u00eda WhatsApp, con Guillermo Perez, al 2284-680238.<\/p>\n","protected":false},"excerpt":{"rendered":"<p>Guillermo P\u00e9rez ser\u00e1 el nuevo Referente T\u00e9cnico Territorial de la Direcci\u00f3n de Educaci\u00f3n de J\u00f3venes,\u00a0 Adultos y Adultos Mayores Regi\u00f3n<\/p>\n","protected":false},"author":4,"featured_media":49189,"comment_status":"closed","ping_status":"closed","sticky":false,"template":"","format":"standard","meta":{"_jetpack_memberships_contains_paid_content":false,"footnotes":""},"categories":[5,1],"tags":[],"class_list":["post-49188","post","type-post","status-publish","format-standard","has-post-thumbnail","hentry","category-informacion-general","category-portada"],"jetpack_featured_media_url":"https:\/\/i0.wp.com\/cdnoticias.com\/wp-content\/uploads\/2022\/03\/guillermo-perez.jpeg?fit=1280%2C854&ssl=1","jetpack_sharing_enabled":true,"_links":{"self":[{"href":"https:\/\/cdnoticias.com\/index.php\/wp-json\/wp\/v2\/posts\/49188","targetHints":{"allow":["GET"]}}],"collection":[{"href":"https:\/\/cdnoticias.com\/index.php\/wp-json\/wp\/v2\/posts"}],"about":[{"href":"https:\/\/cdnoticias.com\/index.php\/wp-json\/wp\/v2\/types\/post"}],"author":[{"embeddable":true,"href":"https:\/\/cdnoticias.com\/index.php\/wp-json\/wp\/v2\/users\/4"}],"replies":[{"embeddable":true,"href":"https:\/\/cdnoticias.com\/index.php\/wp-json\/wp\/v2\/comments?post=49188"}],"version-history":[{"count":0,"href":"https:\/\/cdnoticias.com\/index.php\/wp-json\/wp\/v2\/posts\/49188\/revisions"}],"wp:featuredmedia":[{"embeddable":true,"href":"https:\/\/cdnoticias.com\/index.php\/wp-json\/wp\/v2\/media\/49189"}],"wp:attachment":[{"href":"https:\/\/cdnoticias.com\/index.php\/wp-json\/wp\/v2\/media?parent=49188"}],"wp:term":[{"taxonomy":"category","embeddable":true,"href":"https:\/\/cdnoticias.com\/index.php\/wp-json\/wp\/v2\/categories?post=49188"},{"taxonomy":"post_tag","embeddable":true,"href":"https:\/\/cdnoticias.com\/index.php\/wp-json\/wp\/v2\/tags?post=49188"}],"curies":[{"name":"wp","href":"https:\/\/api.w.org\/{rel}","templated":true}]}}