{"id":49185,"date":"2022-03-16T11:19:51","date_gmt":"2022-03-16T14:19:51","guid":{"rendered":"https:\/\/www.centraldenoticias.com.ar\/?p=49185"},"modified":"2022-03-16T11:19:51","modified_gmt":"2022-03-16T14:19:51","slug":"barrio-educadores-aguilera-firmara-el-convenio-con-el-ministro-simone","status":"publish","type":"post","link":"https:\/\/cdnoticias.com\/index.php\/2022\/03\/16\/barrio-educadores-aguilera-firmara-el-convenio-con-el-ministro-simone\/","title":{"rendered":"Barrio Educadores: Aguilera firmar\u00e1 el convenio con el ministro Simone"},"content":{"rendered":"<p>Ser\u00e1 esta tarde, seg\u00fan se anunci\u00f3 desde la Gobernaci\u00f3n. Est\u00e1n los integrantes de la Asociaci\u00f3n Civil. La finalizaci\u00f3n del barrio tiene una asignaci\u00f3n de 115 millones.<!--more--><\/p>\n<hr \/>\n<p>Desde la Gobernaci\u00f3n de la Provincia de Buenos Aires se inform\u00f3 la agenda del <strong>ministro de H\u00e1bitat y Desarrollo Urbano, Agust\u00edn Simone, e incluye la firma de un convenio para Olavarr\u00eda<\/strong>.<\/p>\n<p>&nbsp;<\/p>\n<p>Seg\u00fan confirm\u00f3 <strong>Central de Noticias<\/strong>, estar\u00e1 <strong>Federico Aguilera con el ministro<\/strong> y en la reuni\u00f3n se rubricar\u00e1 el acuerdo que dar\u00e1 paso a la concreci\u00f3n de las <strong>\u00faltimas viviendas del barrio Educadores<\/strong>.<\/p>\n<p>&nbsp;<\/p>\n<p>Se espera que tambi\u00e9n participen las <strong>autoridades de la Asociaci\u00f3n Civil del barrio Educadores, entidad que tendr\u00e1 a su cargo la administraci\u00f3n de los fondos<\/strong> para la obra. Cabe aclarar que tras la firma del convenio se espera que a principios de mayo se haga el primer adelanto de fondos.<\/p>\n<p>&nbsp;<\/p>\n<p><img data-recalc-dims=\"1\" loading=\"lazy\" decoding=\"async\" class=\"size-large wp-image-48330 aligncenter\" src=\"https:\/\/i0.wp.com\/cdnoticias.com\/wp-content\/uploads\/2022\/03\/aguilera-taborda01.jpg?resize=800%2C520&#038;ssl=1\" alt=\"\" width=\"800\" height=\"520\" srcset=\"https:\/\/i0.wp.com\/cdnoticias.com\/wp-content\/uploads\/2022\/03\/aguilera-taborda01.jpg?resize=1024%2C666&amp;ssl=1 1024w, https:\/\/i0.wp.com\/cdnoticias.com\/wp-content\/uploads\/2022\/03\/aguilera-taborda01.jpg?resize=300%2C195&amp;ssl=1 300w, https:\/\/i0.wp.com\/cdnoticias.com\/wp-content\/uploads\/2022\/03\/aguilera-taborda01.jpg?resize=768%2C500&amp;ssl=1 768w, https:\/\/i0.wp.com\/cdnoticias.com\/wp-content\/uploads\/2022\/03\/aguilera-taborda01.jpg?w=1094&amp;ssl=1 1094w\" sizes=\"auto, (max-width: 800px) 100vw, 800px\" \/><\/p>\n<p>&nbsp;<\/p>\n<p><a href=\"https:\/\/cdnoticias.com\/index.php\/2022\/03\/07\/educadores-tras-dos-decadas-de-espera-se-terminara-el-barrio\/\" target=\"_blank\" rel=\"noopener\">Tal como inform\u00f3 el referente local del Frente de Todos d\u00edas pasados<\/a>, son <strong>21 casas a terminar y la inversi\u00f3n ser\u00e1 de 115 millones de pesos<\/strong>. Aguilera lo anunci\u00f3 en la Capilla Nuestra Se\u00f1ora del Perpetuo Socorro ubicada en aquel sector de Olavarr\u00eda ante los vecinos y adjudicatarios de las viviendas restantes. <em>\u201cEstamos muy contentos porque son 21 viviendas, 21 a\u00f1os de espera para que se pueda culminar con el barrio\u201d expres\u00f3.<\/em><\/p>\n<p>&nbsp;<\/p>\n<p>En tanto, el ministro de H\u00e1bitat y Desarrollo Urbano, Agust\u00edn Simone, mantendr\u00e1 tambi\u00e9n este mi\u00e9rcoles reuniones con los intendentes de Tapalqu\u00e9, Gustavo Cocconi, y Villa Gesell, Gustavo Barrera. <strong>A las 15 horas se prev\u00e9 la firma de convenio para la construcci\u00f3n de 21 viviendas en Olavarr\u00eda<\/strong>.<\/p>\n","protected":false},"excerpt":{"rendered":"<p>Ser\u00e1 esta tarde, seg\u00fan se anunci\u00f3 desde la Gobernaci\u00f3n. Est\u00e1n los integrantes de la Asociaci\u00f3n Civil. La finalizaci\u00f3n del barrio<\/p>\n","protected":false},"author":4,"featured_media":48287,"comment_status":"closed","ping_status":"closed","sticky":false,"template":"","format":"standard","meta":{"_jetpack_memberships_contains_paid_content":false,"footnotes":""},"categories":[5,1],"tags":[],"class_list":["post-49185","post","type-post","status-publish","format-standard","has-post-thumbnail","hentry","category-informacion-general","category-portada"],"jetpack_featured_media_url":"https:\/\/i0.wp.com\/cdnoticias.com\/wp-content\/uploads\/2022\/03\/aguilera-simone-00.jpg?fit=800%2C445&ssl=1","jetpack_sharing_enabled":true,"_links":{"self":[{"href":"https:\/\/cdnoticias.com\/index.php\/wp-json\/wp\/v2\/posts\/49185","targetHints":{"allow":["GET"]}}],"collection":[{"href":"https:\/\/cdnoticias.com\/index.php\/wp-json\/wp\/v2\/posts"}],"about":[{"href":"https:\/\/cdnoticias.com\/index.php\/wp-json\/wp\/v2\/types\/post"}],"author":[{"embeddable":true,"href":"https:\/\/cdnoticias.com\/index.php\/wp-json\/wp\/v2\/users\/4"}],"replies":[{"embeddable":true,"href":"https:\/\/cdnoticias.com\/index.php\/wp-json\/wp\/v2\/comments?post=49185"}],"version-history":[{"count":0,"href":"https:\/\/cdnoticias.com\/index.php\/wp-json\/wp\/v2\/posts\/49185\/revisions"}],"wp:featuredmedia":[{"embeddable":true,"href":"https:\/\/cdnoticias.com\/index.php\/wp-json\/wp\/v2\/media\/48287"}],"wp:attachment":[{"href":"https:\/\/cdnoticias.com\/index.php\/wp-json\/wp\/v2\/media?parent=49185"}],"wp:term":[{"taxonomy":"category","embeddable":true,"href":"https:\/\/cdnoticias.com\/index.php\/wp-json\/wp\/v2\/categories?post=49185"},{"taxonomy":"post_tag","embeddable":true,"href":"https:\/\/cdnoticias.com\/index.php\/wp-json\/wp\/v2\/tags?post=49185"}],"curies":[{"name":"wp","href":"https:\/\/api.w.org\/{rel}","templated":true}]}}