{"id":49140,"date":"2022-03-16T09:52:09","date_gmt":"2022-03-16T12:52:09","guid":{"rendered":"https:\/\/www.centraldenoticias.com.ar\/?p=49140"},"modified":"2022-03-16T09:52:09","modified_gmt":"2022-03-16T12:52:09","slug":"la-provincia-realiza-el-primer-congreso-de-seguridad-vial-cuatro-personas-mueren-al-dia-en-siniestros","status":"publish","type":"post","link":"https:\/\/cdnoticias.com\/index.php\/2022\/03\/16\/la-provincia-realiza-el-primer-congreso-de-seguridad-vial-cuatro-personas-mueren-al-dia-en-siniestros\/","title":{"rendered":"La Provincia realiza el Primer Congreso de Seguridad vial: cuatro personas mueren al d\u00eda en siniestros"},"content":{"rendered":"<p>Se realizar\u00e1 este viernes en la provincia de Buenos Aires.<!--more--><\/p>\n<hr \/>\n<p>&nbsp;<\/p>\n<p>El <strong>primer Congreso de Educaci\u00f3n y Seguridad vial<\/strong> se <strong>realizar\u00e1 este viernes en la provincia de Buenos Aires<\/strong>. El<strong> encuentro contar\u00e1 con la participaci\u00f3n del gobernador Axel Kicillof,<\/strong> del <strong>presidente de la C\u00e1mara de Diputados de la Naci\u00f3n, Sergio Massa<\/strong>, y de representantes de las <strong>organizaciones civiles<\/strong>.<\/p>\n<p>&nbsp;<\/p>\n<p>El <strong>objetivo ser\u00e1 analizar proyectos de ley destinados a bajar los \u00edndices de siniestralidad<\/strong>, entre ellas la que determina que el<strong> nivel de alcohol en sangre para los conductores debe ser \u201ccero\u201d<\/strong>.<\/p>\n<p>&nbsp;<\/p>\n<p>Seg\u00fan <strong>estad\u00edsticas oficiales,<\/strong> <strong>durante 2021 se registraron 757 siniestros viales en la provincia, <\/strong>consecuencia de los <strong>cuales fallecieron 844 personas.<\/strong><\/p>\n<p>&nbsp;<\/p>\n<p><strong>Kicillof<\/strong> anticip\u00f3 que durante el congreso se abordar\u00e1n tem\u00e1ticas orientadas \u201c<strong>no s\u00f3lo a generar penas m\u00e1s duras<\/strong> sino tambi\u00e9n a <strong>fomentar un cambio cultural en las actitudes temerarias de los conductores y conductoras de la provincia\u201d.<\/strong><\/p>\n<p>&nbsp;<\/p>\n<p>Al respecto, el<strong> ministro de Transporte provincial, Jorge D\u2019Onofrio<\/strong>, sostuvo que en el territorio bonaerense<strong> \u201chay una estad\u00edstica dram\u00e1tica, que son 4 muertos por d\u00eda en siniestros viales<\/strong> y esta gesti\u00f3n tiene como uno de sus principales objetivos<strong> reducir esa cifra\u201d.<\/strong><\/p>\n<p>&nbsp;<\/p>\n<p>El <strong>primer Congreso de Educaci\u00f3n y Seguridad Vial<\/strong> se realizar\u00e1 en el Edificio Anexo Alberto Balestrini del Senado de Buenos Aires y <strong>fueron invitadas diferentes referentes de organizaciones no gubernamentales vinculadas a la seguridad vial,<\/strong> como Viviam Perrone, de \u201cMadres del Dolor\u201d, Teresa Mellano, de \u201cEstrellas Amarillas\u201d y Roberto Almeida, de la Comisi\u00f3n Provincial del Consejo de V\u00edctimas.<\/p>\n<p>&nbsp;<\/p>\n<p>Adem\u00e1s de Kicillof, Massa y D\u2019Onofrio, estar\u00e1n presentes la vicegobernadora bonaerense,<strong> Ver\u00f3nica Magario,<\/strong> y <strong>senadores y diputados de Naci\u00f3n y de la provincia de Buenos Aires,<\/strong> ya que se impulsa el <strong>Proyecto de Ley de Alcohol Cero<\/strong> en ambas jurisdicciones.<\/p>\n<p>&nbsp;<\/p>\n<p>Los<strong> ejes de los paneles que abordar\u00e1 el congreso<\/strong> ser\u00e1n: \u201cLa seguridad vial en la agenda p\u00fablica del Estado provincial\u201d, \u201cLa perspectiva federal de la Seguridad Vial\u201d, \u201cAgenda Legislativa vinculada a la Seguridad Vial\u201d, \u201cEl valor de las acciones de los familiares de v\u00edctimas de siniestros viales\u201d, La educaci\u00f3n como eje de prevenci\u00f3n y concientizaci\u00f3n para el desarrollo de una movilidad segura\u201d y \u201cEl aporte de las neurociencias ante los distintos escenarios que se presentan en el ecosistema vial\u201d.<\/p>\n<p>&nbsp;<\/p>\n<p>El <strong>ministro de Transporte mantuvo varias reuniones con su par de Educaci\u00f3n, Alberto Sileoni<\/strong>, para<strong> impulsar iniciativas<\/strong> tendientes a alcanzar un<strong> cambio cultural en cuanto a seguridad vial y reforzar la concientizaci\u00f3n en todos los niveles educativos.\u00a0<\/strong><\/p>\n<p>&nbsp;<\/p>\n<p><em>Fuente: DIB\u00a0<\/em><\/p>\n","protected":false},"excerpt":{"rendered":"<p>Se realizar\u00e1 este viernes en la provincia de Buenos Aires.<\/p>\n","protected":false},"author":6,"featured_media":49141,"comment_status":"closed","ping_status":"closed","sticky":false,"template":"","format":"standard","meta":{"_jetpack_memberships_contains_paid_content":false,"footnotes":""},"categories":[6,1],"tags":[],"class_list":["post-49140","post","type-post","status-publish","format-standard","has-post-thumbnail","hentry","category-nacionales","category-portada"],"jetpack_featured_media_url":"https:\/\/i0.wp.com\/cdnoticias.com\/wp-content\/uploads\/2022\/03\/siniestro-vial.jpg?fit=1600%2C1063&ssl=1","jetpack_sharing_enabled":true,"_links":{"self":[{"href":"https:\/\/cdnoticias.com\/index.php\/wp-json\/wp\/v2\/posts\/49140","targetHints":{"allow":["GET"]}}],"collection":[{"href":"https:\/\/cdnoticias.com\/index.php\/wp-json\/wp\/v2\/posts"}],"about":[{"href":"https:\/\/cdnoticias.com\/index.php\/wp-json\/wp\/v2\/types\/post"}],"author":[{"embeddable":true,"href":"https:\/\/cdnoticias.com\/index.php\/wp-json\/wp\/v2\/users\/6"}],"replies":[{"embeddable":true,"href":"https:\/\/cdnoticias.com\/index.php\/wp-json\/wp\/v2\/comments?post=49140"}],"version-history":[{"count":0,"href":"https:\/\/cdnoticias.com\/index.php\/wp-json\/wp\/v2\/posts\/49140\/revisions"}],"wp:featuredmedia":[{"embeddable":true,"href":"https:\/\/cdnoticias.com\/index.php\/wp-json\/wp\/v2\/media\/49141"}],"wp:attachment":[{"href":"https:\/\/cdnoticias.com\/index.php\/wp-json\/wp\/v2\/media?parent=49140"}],"wp:term":[{"taxonomy":"category","embeddable":true,"href":"https:\/\/cdnoticias.com\/index.php\/wp-json\/wp\/v2\/categories?post=49140"},{"taxonomy":"post_tag","embeddable":true,"href":"https:\/\/cdnoticias.com\/index.php\/wp-json\/wp\/v2\/tags?post=49140"}],"curies":[{"name":"wp","href":"https:\/\/api.w.org\/{rel}","templated":true}]}}