{"id":49120,"date":"2022-03-15T13:31:11","date_gmt":"2022-03-15T16:31:11","guid":{"rendered":"https:\/\/www.centraldenoticias.com.ar\/?p=49120"},"modified":"2022-03-15T13:31:11","modified_gmt":"2022-03-15T16:31:11","slug":"censo-2022-kicillof-encabezo-una-reunion-de-seguimiento-de-tareas","status":"publish","type":"post","link":"https:\/\/cdnoticias.com\/index.php\/2022\/03\/15\/censo-2022-kicillof-encabezo-una-reunion-de-seguimiento-de-tareas\/","title":{"rendered":"Censo 2022: Kicillof encabez\u00f3 una reuni\u00f3n de seguimiento de tareas"},"content":{"rendered":"<p>El censo en la Provincia demandar\u00e1 235 mil censistas y 285 mil personas totales para su desarrollo.<!--more--><\/p>\n<hr \/>\n<p>El gobernador de la provincia de Buenos Aires, <strong>Axel Kicillof, encabez\u00f3 este lunes una reuni\u00f3n de seguimiento de las tareas que se desarrollan de cara a la realizaci\u00f3n del Censo Nacional de Poblaci\u00f3n, Hogares y Viviendas 2022.<\/strong><\/p>\n<p>&nbsp;<\/p>\n<p>Estuvo acompa\u00f1ado por el <strong>director del INDEC, Marco Lavagna<\/strong>, el ministro de Hacienda y Finanzas, Pablo L\u00f3pez; y el director general de Cultura y Educaci\u00f3n, Alberto Sileoni.<\/p>\n<p>&nbsp;<\/p>\n<blockquote><p>A trav\u00e9s de su cuenta de Twitter, el Gobernador expres\u00f3: \u201cEl Censo 2022 es fundamental en esta nueva etapa de la Provincia, nos va a permitir saber cu\u00e1ntos somos y qui\u00e9nes somos los que habitamos el suelo bonaerense para llevar adelante pol\u00edticas p\u00fablicas que mejoren la vida de nuestro pueblo\u201d.<\/p><\/blockquote>\n<p>&nbsp;<\/p>\n<p>Durante el encuentro supervisaron el <strong>avance del operativo y analizaron sus especificaciones t\u00e9cnicas<\/strong>, con especial \u00e9nfasis en la puesta en marcha del <strong>Censo digital, que comenzar\u00e1 este mi\u00e9rcoles 16 de marzo<\/strong> y marcar\u00e1 un nuevo hito para el desarrollo del operativo.<\/p>\n<p>&nbsp;<\/p>\n<blockquote class=\"twitter-tweet\">\n<p dir=\"ltr\" lang=\"es\">Nos reunimos junto a <a href=\"https:\/\/twitter.com\/MarcoLavagna?ref_src=twsrc%5Etfw\">@MarcoLavagna<\/a>, <a href=\"https:\/\/twitter.com\/PabloJ_LopezOK?ref_src=twsrc%5Etfw\">@PabloJ_LopezOK<\/a>, <a href=\"https:\/\/twitter.com\/AlbertoSileoni?ref_src=twsrc%5Etfw\">@AlbertoSileoni<\/a> y sus equipos de trabajo para supervisar las tareas desarrolladas para el <a href=\"https:\/\/twitter.com\/Censo2022?ref_src=twsrc%5Etfw\">@Censo2022<\/a>.<\/p>\n<p>Este mi\u00e9rcoles comienza la modalidad digital, un gran avance que marcar\u00e1 un cambio hist\u00f3rico. <a href=\"https:\/\/t.co\/lkMrVf9KIj\">pic.twitter.com\/lkMrVf9KIj<\/a><\/p>\n<p>\u2014 Axel Kicillof (@Kicillofok) <a href=\"https:\/\/twitter.com\/Kicillofok\/status\/1503501441884999688?ref_src=twsrc%5Etfw\">March 14, 2022<\/a><\/p><\/blockquote>\n<p><script async src=\"https:\/\/platform.twitter.com\/widgets.js\" charset=\"utf-8\"><\/script><\/p>\n<p>&nbsp;<\/p>\n<p>\u201cEl Censo 2022 es una tarea muy importante que en la provincia de Buenos Aires est\u00e1 a cargo de la Direcci\u00f3n Provincial de Estad\u00edstica, la cual, en coordinaci\u00f3n con el INDEC y los 135 municipios, llev\u00f3 adelante, a\u00fan durante la pandemia, el inmenso trabajo de la <strong>Actualizaci\u00f3n del Archivo de Domicilios de la Rep\u00fablica Argentina (ADRA)<\/strong>, una de las tareas precensales m\u00e1s importantes\u201d, se\u00f1al\u00f3 L\u00f3pez, y a\u00f1adi\u00f3: \u201cEl Censo nos permite saber cu\u00e1ntos y qui\u00e9nes somos para, desde la gesti\u00f3n, dise\u00f1ar y poner en pr\u00e1ctica pol\u00edticas p\u00fablicas que alcancen los mejores resultados posibles\u201d.<\/p>\n<p>&nbsp;<\/p>\n<p>En la reuni\u00f3n, se hizo especial foco en la <strong>importancia del censo digital<\/strong>, como as\u00ed tambi\u00e9n en las distintas particularidades del operativo en barrios populares, en relaci\u00f3n a las personas en situaci\u00f3n de calle, y en los barrios privados.<\/p>\n<p>&nbsp;<\/p>\n<p>El censo en la Provincia demandar\u00e1 <strong>235 mil censistas y 285 mil personas totales para su desarrollo<\/strong>.<\/p>\n<p>&nbsp;<\/p>\n<p>En representaci\u00f3n del Ministerio de Hacienda y Finanzas tambi\u00e9n participaron el subsecretario de Coordinaci\u00f3n Econ\u00f3mica y Estad\u00edstica, Nicol\u00e1s Todesca; el director provincial de Estad\u00edstica, Diego Rusansky; la directora de Planificaci\u00f3n, Metodolog\u00eda y Coordinaci\u00f3n del Sistema Estad\u00edstico Provincial, Victoria Dowbley; y la directora de Estad\u00edsticas Sociales, Mar\u00eda Silvia Tom\u00e1s; en tanto que de parte de la Direcci\u00f3n General de Cultura y Educaci\u00f3n estuvieron presentes el jefe de Gabinete, Pablo Urquiza; y el subsecretario de Planeamiento de Educaci\u00f3n, Diego Born. Asimismo, el equipo del INDEC estuvo integrado adem\u00e1s por el director nacional del Sistema Estad\u00edstico Nacional, Pablo Ceballos.<\/p>\n<p>&nbsp;<\/p>\n<p>Fuente: <em>Agencia DIB<\/em><\/p>\n","protected":false},"excerpt":{"rendered":"<p>El censo en la Provincia demandar\u00e1 235 mil censistas y 285 mil personas totales para su desarrollo.<\/p>\n","protected":false},"author":4,"featured_media":49121,"comment_status":"closed","ping_status":"closed","sticky":false,"template":"","format":"standard","meta":{"_jetpack_memberships_contains_paid_content":false,"footnotes":""},"categories":[6],"tags":[],"class_list":["post-49120","post","type-post","status-publish","format-standard","has-post-thumbnail","hentry","category-nacionales"],"jetpack_featured_media_url":"https:\/\/i0.wp.com\/cdnoticias.com\/wp-content\/uploads\/2022\/03\/DIB-Censo-Kicillof-2022-1024x627-1.jpg?fit=1024%2C627&ssl=1","jetpack_sharing_enabled":true,"_links":{"self":[{"href":"https:\/\/cdnoticias.com\/index.php\/wp-json\/wp\/v2\/posts\/49120","targetHints":{"allow":["GET"]}}],"collection":[{"href":"https:\/\/cdnoticias.com\/index.php\/wp-json\/wp\/v2\/posts"}],"about":[{"href":"https:\/\/cdnoticias.com\/index.php\/wp-json\/wp\/v2\/types\/post"}],"author":[{"embeddable":true,"href":"https:\/\/cdnoticias.com\/index.php\/wp-json\/wp\/v2\/users\/4"}],"replies":[{"embeddable":true,"href":"https:\/\/cdnoticias.com\/index.php\/wp-json\/wp\/v2\/comments?post=49120"}],"version-history":[{"count":0,"href":"https:\/\/cdnoticias.com\/index.php\/wp-json\/wp\/v2\/posts\/49120\/revisions"}],"wp:featuredmedia":[{"embeddable":true,"href":"https:\/\/cdnoticias.com\/index.php\/wp-json\/wp\/v2\/media\/49121"}],"wp:attachment":[{"href":"https:\/\/cdnoticias.com\/index.php\/wp-json\/wp\/v2\/media?parent=49120"}],"wp:term":[{"taxonomy":"category","embeddable":true,"href":"https:\/\/cdnoticias.com\/index.php\/wp-json\/wp\/v2\/categories?post=49120"},{"taxonomy":"post_tag","embeddable":true,"href":"https:\/\/cdnoticias.com\/index.php\/wp-json\/wp\/v2\/tags?post=49120"}],"curies":[{"name":"wp","href":"https:\/\/api.w.org\/{rel}","templated":true}]}}