{"id":49106,"date":"2022-03-15T11:36:47","date_gmt":"2022-03-15T14:36:47","guid":{"rendered":"https:\/\/www.centraldenoticias.com.ar\/?p=49106"},"modified":"2022-03-15T15:56:53","modified_gmt":"2022-03-15T18:56:53","slug":"licencias-de-conducir-atendera-los-sabados-por-renovacion-de-carnets","status":"publish","type":"post","link":"https:\/\/cdnoticias.com\/index.php\/2022\/03\/15\/licencias-de-conducir-atendera-los-sabados-por-renovacion-de-carnets\/","title":{"rendered":"Licencias de Conducir atender\u00e1 los s\u00e1bados por renovaci\u00f3n de carnets"},"content":{"rendered":"<p>Es ante la importante demanda de turnos. Leandro Lanceta, titular del \u00e1rea, dijo que es \u201cun gran esfuerzo que realizan los empleados de la Direcci\u00f3n\u201d. <!--more--><\/p>\n<hr \/>\n<p>La Direcci\u00f3n de Licencias de Conducir del Gobierno Municipal inform\u00f3 este martes que <strong>desde el s\u00e1bado se extender\u00e1 la atenci\u00f3n al p\u00fablico para realizar el tr\u00e1mite de renovaci\u00f3n de las licencias con vencimiento en 2022.<\/strong><\/p>\n<p>&nbsp;<\/p>\n<p>En este sentido, el Director del \u00e1rea, Leandro Lanceta, explic\u00f3 que<strong><em> \u201cdesde el s\u00e1bado 26 de marzo comenzaremos a realizar tr\u00e1mites de 8 a 13 horas en el Sal\u00f3n Rivadavia del palacio San Mart\u00edn, como lo hacemos de lunes a viernes\u201d.<\/em><\/strong><\/p>\n<p>&nbsp;<\/p>\n<p>El funcionario municipal destac\u00f3 la medida y valor\u00f3 <em>\u201cel gran esfuerzo que realizan los empleados de la Direcci\u00f3n para poder responder a la gran demanda que estamos teniendo este a\u00f1o y creemos que con la extensi\u00f3n de los s\u00e1bados vamos a descomprimir esta situaci\u00f3n\u201d.<\/em><\/p>\n<p>&nbsp;<\/p>\n<p>Se inform\u00f3 que<strong> para realizar el tr\u00e1mite de licencias con vencimiento en 2022 los vecinos deber\u00e1n sacar el turno en la web www.olavarria.gov.ar, tal como se realiza habitualmente.<\/strong><\/p>\n<p>&nbsp;<\/p>\n<p>Por otra parte, este jueves 17 de marzo a las 19 horas se llevar\u00e1 a cabo una nueva charla te\u00f3rica para quienes crean necesario el apoyo te\u00f3rico al momento de renovar u obtener la Licencia por primera vez.<\/p>\n","protected":false},"excerpt":{"rendered":"<p>Es ante la importante demanda de turnos. Leandro Lanceta, titular del \u00e1rea, dijo que es \u201cun gran esfuerzo que realizan<\/p>\n","protected":false},"author":2,"featured_media":49107,"comment_status":"closed","ping_status":"closed","sticky":false,"template":"","format":"standard","meta":{"_jetpack_memberships_contains_paid_content":false,"footnotes":""},"categories":[5,1],"tags":[],"class_list":["post-49106","post","type-post","status-publish","format-standard","has-post-thumbnail","hentry","category-informacion-general","category-portada"],"jetpack_featured_media_url":"https:\/\/i0.wp.com\/cdnoticias.com\/wp-content\/uploads\/2022\/03\/licenciaslanceta-1024x512-1.jpg?fit=1024%2C512&ssl=1","jetpack_sharing_enabled":true,"_links":{"self":[{"href":"https:\/\/cdnoticias.com\/index.php\/wp-json\/wp\/v2\/posts\/49106","targetHints":{"allow":["GET"]}}],"collection":[{"href":"https:\/\/cdnoticias.com\/index.php\/wp-json\/wp\/v2\/posts"}],"about":[{"href":"https:\/\/cdnoticias.com\/index.php\/wp-json\/wp\/v2\/types\/post"}],"author":[{"embeddable":true,"href":"https:\/\/cdnoticias.com\/index.php\/wp-json\/wp\/v2\/users\/2"}],"replies":[{"embeddable":true,"href":"https:\/\/cdnoticias.com\/index.php\/wp-json\/wp\/v2\/comments?post=49106"}],"version-history":[{"count":0,"href":"https:\/\/cdnoticias.com\/index.php\/wp-json\/wp\/v2\/posts\/49106\/revisions"}],"wp:featuredmedia":[{"embeddable":true,"href":"https:\/\/cdnoticias.com\/index.php\/wp-json\/wp\/v2\/media\/49107"}],"wp:attachment":[{"href":"https:\/\/cdnoticias.com\/index.php\/wp-json\/wp\/v2\/media?parent=49106"}],"wp:term":[{"taxonomy":"category","embeddable":true,"href":"https:\/\/cdnoticias.com\/index.php\/wp-json\/wp\/v2\/categories?post=49106"},{"taxonomy":"post_tag","embeddable":true,"href":"https:\/\/cdnoticias.com\/index.php\/wp-json\/wp\/v2\/tags?post=49106"}],"curies":[{"name":"wp","href":"https:\/\/api.w.org\/{rel}","templated":true}]}}