{"id":49082,"date":"2022-03-15T08:18:01","date_gmt":"2022-03-15T11:18:01","guid":{"rendered":"https:\/\/www.centraldenoticias.com.ar\/?p=49082"},"modified":"2022-03-15T08:18:01","modified_gmt":"2022-03-15T11:18:01","slug":"marcelo-bascal-q-e-p-d","status":"publish","type":"post","link":"https:\/\/cdnoticias.com\/index.php\/2022\/03\/15\/marcelo-bascal-q-e-p-d\/","title":{"rendered":"Marcelo Bascal (Q.E.P.D.)"},"content":{"rendered":"<p>&nbsp;<\/p>\n<p>Falleci\u00f3 en Olavarr\u00eda el d\u00eda 14 marzo de 2022 a los 83 a\u00f1os de edad.<\/p>\n<p>&nbsp;<\/p>\n<p>Su esposa: Mirta Lea Tolosa de Bascal. Sus hijos: Ang\u00e9lica, Marcelo, Laura y Micaela. Sus hijos pol\u00edticos, nietos, bisnietos y dem\u00e1s deudos participan su fallecimiento.<\/p>\n<p>&nbsp;<\/p>\n<p>Sin velatorio. Responso: Cementerio Loma de Paz. Inhumaci\u00f3n: Cementerio Loma de Paz, martes 15 de marzo a las 15:30 horas. Servicio adherido a Coopelectric.<\/p>\n<p>&nbsp;<\/p>\n<p>Barrio en el que viv\u00eda: Luj\u00e1n.<\/p>\n<p>&nbsp;<\/p>\n<p>Lugar de nacimiento: La Pampa<\/p>\n<p>&nbsp;<\/p>\n<p>Actividad que desarrollaba: Jubilado.<\/p>\n","protected":false},"excerpt":{"rendered":"<p>&nbsp; Falleci\u00f3 en Olavarr\u00eda el d\u00eda 14 marzo de 2022 a los 83 a\u00f1os de edad. &nbsp; Su esposa: Mirta<\/p>\n","protected":false},"author":4,"featured_media":0,"comment_status":"closed","ping_status":"closed","sticky":false,"template":"","format":"standard","meta":{"_jetpack_memberships_contains_paid_content":false,"footnotes":""},"categories":[10],"tags":[],"class_list":["post-49082","post","type-post","status-publish","format-standard","hentry","category-necrologicas"],"jetpack_featured_media_url":"","jetpack_sharing_enabled":true,"_links":{"self":[{"href":"https:\/\/cdnoticias.com\/index.php\/wp-json\/wp\/v2\/posts\/49082","targetHints":{"allow":["GET"]}}],"collection":[{"href":"https:\/\/cdnoticias.com\/index.php\/wp-json\/wp\/v2\/posts"}],"about":[{"href":"https:\/\/cdnoticias.com\/index.php\/wp-json\/wp\/v2\/types\/post"}],"author":[{"embeddable":true,"href":"https:\/\/cdnoticias.com\/index.php\/wp-json\/wp\/v2\/users\/4"}],"replies":[{"embeddable":true,"href":"https:\/\/cdnoticias.com\/index.php\/wp-json\/wp\/v2\/comments?post=49082"}],"version-history":[{"count":0,"href":"https:\/\/cdnoticias.com\/index.php\/wp-json\/wp\/v2\/posts\/49082\/revisions"}],"wp:attachment":[{"href":"https:\/\/cdnoticias.com\/index.php\/wp-json\/wp\/v2\/media?parent=49082"}],"wp:term":[{"taxonomy":"category","embeddable":true,"href":"https:\/\/cdnoticias.com\/index.php\/wp-json\/wp\/v2\/categories?post=49082"},{"taxonomy":"post_tag","embeddable":true,"href":"https:\/\/cdnoticias.com\/index.php\/wp-json\/wp\/v2\/tags?post=49082"}],"curies":[{"name":"wp","href":"https:\/\/api.w.org\/{rel}","templated":true}]}}