{"id":49048,"date":"2022-03-15T08:25:13","date_gmt":"2022-03-15T11:25:13","guid":{"rendered":"https:\/\/www.centraldenoticias.com.ar\/?p=49048"},"modified":"2022-03-15T08:25:13","modified_gmt":"2022-03-15T11:25:13","slug":"arranco-el-curso-de-automatizacion-en-el-cfp-n-401","status":"publish","type":"post","link":"https:\/\/cdnoticias.com\/index.php\/2022\/03\/15\/arranco-el-curso-de-automatizacion-en-el-cfp-n-401\/","title":{"rendered":"Arranc\u00f3 el curso de automatizaci\u00f3n en el CFP N\u00b0 401"},"content":{"rendered":"<p>La propuesta es impulsada en conjunto por la subsecretar\u00eda de Miner\u00eda de la Provincia, AOMA y la Direcci\u00f3n de Formaci\u00f3n Profesional.<!--more--><\/p>\n<hr \/>\n<p>Esta iniciativa, surge al igual que el curso dictado de Electricidad Industrial, del trabajo en conjunto entre la Subsecretaria de Miner\u00eda y AOMA, luego de un relevamiento realizado para detectar las demandas de formaci\u00f3n m\u00e1s urgentes y en articulaci\u00f3n con la Direcci\u00f3n de Formaci\u00f3n Profesional.<\/p>\n<p>&nbsp;<\/p>\n<p>A partir de un relevamiento realizado entre la autoridad minera provincial y el Sindicato de AOMA, pudo identificarse la necesidad de <strong>avanzar en cursos de profesionalizaci\u00f3n gratuitos y con el aval necesario, que les permitan a los y las trabajadoras y trabajadores del sector mejorar en sus puestos y obtener mayores rendimientos.<\/strong> Con relaci\u00f3n a los temas de inter\u00e9s, la necesidad est\u00e1 puesta en profesionalizarse en mec\u00e1nica y en el manejo de maquinaria minera pesada, como as\u00ed tambi\u00e9n en electricidad.<\/p>\n<p>&nbsp;<\/p>\n<blockquote><p>En esta oportunidad, el Centro de Formaci\u00f3n Profesional 401 de la localidad de Olavarr\u00eda es el encargado de implementar esta capacitaci\u00f3n y el requisito es Secundario T\u00e9cnico Completo o Certificado de Formaci\u00f3n Profesional habilitante m\u00e1s Secundario Completo.<\/p><\/blockquote>\n<p>&nbsp;<\/p>\n<p><img data-recalc-dims=\"1\" loading=\"lazy\" decoding=\"async\" class=\"aligncenter size-full wp-image-49050\" src=\"https:\/\/i0.wp.com\/cdnoticias.com\/wp-content\/uploads\/2022\/03\/WhatsApp-Image-2022-03-14-at-12.05.05.jpeg?resize=720%2C459&#038;ssl=1\" alt=\"\" width=\"720\" height=\"459\" srcset=\"https:\/\/i0.wp.com\/cdnoticias.com\/wp-content\/uploads\/2022\/03\/WhatsApp-Image-2022-03-14-at-12.05.05.jpeg?w=720&amp;ssl=1 720w, https:\/\/i0.wp.com\/cdnoticias.com\/wp-content\/uploads\/2022\/03\/WhatsApp-Image-2022-03-14-at-12.05.05.jpeg?resize=300%2C191&amp;ssl=1 300w\" sizes=\"auto, (max-width: 720px) 100vw, 720px\" \/><\/p>\n<p>&nbsp;<\/p>\n<p>La propuesta formativa se centra en tomar los componentes que intervienen en el proceso de automatizaci\u00f3n industrial y saber su utilizaci\u00f3n, sus caracter\u00edsticas y su funcionamiento. <strong>Este curso busca cubrir uno de los aspectos m\u00e1s importantes cuando se trabaja en un \u00e1rea t\u00e9cnica relacionada con la automatizaci\u00f3n o la rob\u00f3tica, tanto de ingenier\u00eda de proyectos como de mantenimiento, siendo adem\u00e1s un complemento ideal para el personal del departamento de compras de una empresa que requiere de insumos t\u00e9cnicos.<\/strong><\/p>\n<p>&nbsp;<\/p>\n<p>Es un derecho garantizar la educaci\u00f3n en todos los niveles y modalidades, as\u00ed como desarrollar acciones de formaci\u00f3n profesional continua que permitan, adem\u00e1s, seguir formando y calificando a los y las trabajadoras y trabajadores en sus \u00e1mbitos laborales; y en esto se viene trabajando desde la Subsecretar\u00eda de Miner\u00eda y en conjunto con las empresas, sindicatos y trabajadores del sector para profesionalizar la actividad.<\/p>\n<p>&nbsp;<\/p>\n<p><iframe loading=\"lazy\" style=\"border: none; overflow: hidden;\" src=\"https:\/\/www.facebook.com\/plugins\/post.php?href=https%3A%2F%2Fwww.facebook.com%2FFedericoAguile5%2Fposts%2F520801836268677&amp;show_text=true&amp;width=500\" width=\"500\" height=\"793\" frameborder=\"0\" scrolling=\"no\" allowfullscreen=\"allowfullscreen\"><\/iframe><\/p>\n<p>Cada sector que conforma el entramado productivo provincial ha visto <strong>modificados sus procesos productivos<\/strong> de modo exponencial, como consecuencia de las transformaciones a nivel tecnol\u00f3gico y los cambios de paradigma en torno a la utilizaci\u00f3n y reutilizaci\u00f3n de los recursos naturales. En este marco, la Educaci\u00f3n T\u00e9cnico Profesional y particularmente la Formaci\u00f3n Profesional tienen un lugar sumamente valioso, y de all\u00ed el inter\u00e9s de convocarlos desde la Subsecretar\u00eda de Miner\u00eda para trabajar en forma conjunta.<\/p>\n<p>&nbsp;<\/p>\n<p>Adem\u00e1s, recordemos que la Subsecretar\u00eda de Miner\u00eda, del Ministerio de Producci\u00f3n, Ciencia e Innovaci\u00f3n Tecnol\u00f3gica de la Provincia, cre\u00f3 dentro de su estructura, la Direcci\u00f3n Provincial de Pol\u00edtica Minera, con la intenci\u00f3n de trabajar en la capacitaci\u00f3n, investigaci\u00f3n y profesionalizaci\u00f3n del sector minero; es desde este espacio que se viene trabajando arduamente y en conjunto con el Consejo Provincial de Educaci\u00f3n y Trabajo (COPRET) para lograr m\u00e1s acciones como estas.<\/p>\n","protected":false},"excerpt":{"rendered":"<p>La propuesta es impulsada en conjunto por la subsecretar\u00eda de Miner\u00eda de la Provincia, AOMA y la Direcci\u00f3n de Formaci\u00f3n<\/p>\n","protected":false},"author":5,"featured_media":49049,"comment_status":"closed","ping_status":"closed","sticky":false,"template":"","format":"standard","meta":{"_jetpack_memberships_contains_paid_content":false,"footnotes":""},"categories":[5,1],"tags":[],"class_list":["post-49048","post","type-post","status-publish","format-standard","has-post-thumbnail","hentry","category-informacion-general","category-portada"],"jetpack_featured_media_url":"https:\/\/i0.wp.com\/cdnoticias.com\/wp-content\/uploads\/2022\/03\/WhatsApp-Image-2022-03-14-at-12.05.14.jpeg?fit=720%2C480&ssl=1","jetpack_sharing_enabled":true,"_links":{"self":[{"href":"https:\/\/cdnoticias.com\/index.php\/wp-json\/wp\/v2\/posts\/49048","targetHints":{"allow":["GET"]}}],"collection":[{"href":"https:\/\/cdnoticias.com\/index.php\/wp-json\/wp\/v2\/posts"}],"about":[{"href":"https:\/\/cdnoticias.com\/index.php\/wp-json\/wp\/v2\/types\/post"}],"author":[{"embeddable":true,"href":"https:\/\/cdnoticias.com\/index.php\/wp-json\/wp\/v2\/users\/5"}],"replies":[{"embeddable":true,"href":"https:\/\/cdnoticias.com\/index.php\/wp-json\/wp\/v2\/comments?post=49048"}],"version-history":[{"count":0,"href":"https:\/\/cdnoticias.com\/index.php\/wp-json\/wp\/v2\/posts\/49048\/revisions"}],"wp:featuredmedia":[{"embeddable":true,"href":"https:\/\/cdnoticias.com\/index.php\/wp-json\/wp\/v2\/media\/49049"}],"wp:attachment":[{"href":"https:\/\/cdnoticias.com\/index.php\/wp-json\/wp\/v2\/media?parent=49048"}],"wp:term":[{"taxonomy":"category","embeddable":true,"href":"https:\/\/cdnoticias.com\/index.php\/wp-json\/wp\/v2\/categories?post=49048"},{"taxonomy":"post_tag","embeddable":true,"href":"https:\/\/cdnoticias.com\/index.php\/wp-json\/wp\/v2\/tags?post=49048"}],"curies":[{"name":"wp","href":"https:\/\/api.w.org\/{rel}","templated":true}]}}