{"id":49030,"date":"2022-03-16T08:34:45","date_gmt":"2022-03-16T11:34:45","guid":{"rendered":"https:\/\/www.centraldenoticias.com.ar\/?p=49030"},"modified":"2022-03-16T08:34:45","modified_gmt":"2022-03-16T11:34:45","slug":"ciclo-de-cine-2022-se-proyectara-la-pelicula-titane","status":"publish","type":"post","link":"https:\/\/cdnoticias.com\/index.php\/2022\/03\/16\/ciclo-de-cine-2022-se-proyectara-la-pelicula-titane\/","title":{"rendered":"Ciclo de Cine 2022: se proyectar\u00e1 la pel\u00edcula &#8220;Titane&#8221;"},"content":{"rendered":"<p>Ser\u00e1 este jueves 17 de marzo a las 20:30 en Insurgente. Entrada libre y gratuita. <!--more--><\/p>\n<hr \/>\n<p>&nbsp;<\/p>\n<p>Este<strong> jueves 17 de marzo a las 20:30<\/strong> se proyectar\u00e1 la pel\u00edcula francesa <strong>&#8220;Titane&#8221; (2021) en Insurgente<\/strong>, ubicado en<strong> Belgrano 3345.<\/strong> Adem\u00e1s de la proyecci\u00f3n se har\u00e1 un <strong>an\u00e1lisis del film.\u00a0<\/strong><\/p>\n<p>&nbsp;<\/p>\n<p>La <strong>entrada es libre y gratuita<\/strong> aunque se podr\u00e1 hacer una <strong>colaboraci\u00f3n voluntaria<\/strong>. Adem\u00e1s habr\u00e1<strong> servicio de cantina.\u00a0<\/strong><\/p>\n","protected":false},"excerpt":{"rendered":"<p>Ser\u00e1 este jueves 17 de marzo a las 20:30 en Insurgente. Entrada libre y gratuita.<\/p>\n","protected":false},"author":6,"featured_media":49033,"comment_status":"closed","ping_status":"closed","sticky":false,"template":"","format":"standard","meta":{"_jetpack_memberships_contains_paid_content":false,"footnotes":""},"categories":[9,1],"tags":[],"class_list":["post-49030","post","type-post","status-publish","format-standard","has-post-thumbnail","hentry","category-cultura","category-portada"],"jetpack_featured_media_url":"https:\/\/i0.wp.com\/cdnoticias.com\/wp-content\/uploads\/2022\/03\/cortada.jpg?fit=370%2C358&ssl=1","jetpack_sharing_enabled":true,"_links":{"self":[{"href":"https:\/\/cdnoticias.com\/index.php\/wp-json\/wp\/v2\/posts\/49030","targetHints":{"allow":["GET"]}}],"collection":[{"href":"https:\/\/cdnoticias.com\/index.php\/wp-json\/wp\/v2\/posts"}],"about":[{"href":"https:\/\/cdnoticias.com\/index.php\/wp-json\/wp\/v2\/types\/post"}],"author":[{"embeddable":true,"href":"https:\/\/cdnoticias.com\/index.php\/wp-json\/wp\/v2\/users\/6"}],"replies":[{"embeddable":true,"href":"https:\/\/cdnoticias.com\/index.php\/wp-json\/wp\/v2\/comments?post=49030"}],"version-history":[{"count":0,"href":"https:\/\/cdnoticias.com\/index.php\/wp-json\/wp\/v2\/posts\/49030\/revisions"}],"wp:featuredmedia":[{"embeddable":true,"href":"https:\/\/cdnoticias.com\/index.php\/wp-json\/wp\/v2\/media\/49033"}],"wp:attachment":[{"href":"https:\/\/cdnoticias.com\/index.php\/wp-json\/wp\/v2\/media?parent=49030"}],"wp:term":[{"taxonomy":"category","embeddable":true,"href":"https:\/\/cdnoticias.com\/index.php\/wp-json\/wp\/v2\/categories?post=49030"},{"taxonomy":"post_tag","embeddable":true,"href":"https:\/\/cdnoticias.com\/index.php\/wp-json\/wp\/v2\/tags?post=49030"}],"curies":[{"name":"wp","href":"https:\/\/api.w.org\/{rel}","templated":true}]}}