{"id":48989,"date":"2022-03-14T08:54:02","date_gmt":"2022-03-14T11:54:02","guid":{"rendered":"https:\/\/www.centraldenoticias.com.ar\/?p=48989"},"modified":"2022-03-14T09:51:31","modified_gmt":"2022-03-14T12:51:31","slug":"ypf-aumenta-los-combustibles-entre-un-95-y-un-115","status":"publish","type":"post","link":"https:\/\/cdnoticias.com\/index.php\/2022\/03\/14\/ypf-aumenta-los-combustibles-entre-un-95-y-un-115\/","title":{"rendered":"YPF aument\u00f3 los combustibles entre un 9,5% y un 11,5% en todo el pa\u00eds"},"content":{"rendered":"<p>El ajuste responde a la evoluci\u00f3n de las principales variables que conforman el valor de venta al p\u00fablico. Es la segunda suba del a\u00f1o.<!--more--><\/p>\n<hr \/>\n<p>La petrolera YPF aument\u00f3 desde este lunes el <strong>9,5% el precio de los combustibles b\u00e1sicos y 11,5% promedio en los premium<\/strong>.<\/p>\n<p>&nbsp;<\/p>\n<p>Seg\u00fan indicaron, este ajuste responde a la <strong>evoluci\u00f3n de las principales variables que conforman el precio de venta al p\u00fablico<\/strong>, sobre todo el aumento de los precios internacionales del petr\u00f3leo y los niveles de demanda superiores a la prepandemia, que requieren importaciones para complementar la oferta local.<\/p>\n<p>&nbsp;<\/p>\n<blockquote><p>En esta l\u00ednea, se\u00f1alaron que los precios internacionales del petr\u00f3leo se incrementaron significativamente durante las \u00faltimas semanas alcanzando niveles r\u00e9cords (50% por encima de los precios de inicios de febrero de 2022).<\/p><\/blockquote>\n<p>&nbsp;<\/p>\n<p>En particular el<strong> crudo tipo brent<\/strong>, el que utiliza como referencia la industria argentina de hidrocarburos, cerr\u00f3 el viernes a un precio de US$ 112,67 el barril, con un aumento del 3% en medio de la continuidad de las tensiones por la invasi\u00f3n rusa a Ucrania.<\/p>\n<p>&nbsp;<\/p>\n<p><img data-recalc-dims=\"1\" loading=\"lazy\" decoding=\"async\" class=\"size-full wp-image-16297 aligncenter\" src=\"https:\/\/i0.wp.com\/cdnoticias.com\/wp-content\/uploads\/2021\/03\/ypf-cola.jpg?resize=800%2C445&#038;ssl=1\" alt=\"\" width=\"800\" height=\"445\" srcset=\"https:\/\/i0.wp.com\/cdnoticias.com\/wp-content\/uploads\/2021\/03\/ypf-cola.jpg?w=800&amp;ssl=1 800w, https:\/\/i0.wp.com\/cdnoticias.com\/wp-content\/uploads\/2021\/03\/ypf-cola.jpg?resize=300%2C167&amp;ssl=1 300w, https:\/\/i0.wp.com\/cdnoticias.com\/wp-content\/uploads\/2021\/03\/ypf-cola.jpg?resize=768%2C427&amp;ssl=1 768w\" sizes=\"auto, (max-width: 800px) 100vw, 800px\" \/><\/p>\n<p>&nbsp;<\/p>\n<p>Pero adicionalmente,<strong> el precio internacional de los combustibles<\/strong> con los que se complementa la oferta local aument\u00f3 incluso por encima del petr\u00f3leo crudo.<\/p>\n<p>&nbsp;<\/p>\n<blockquote><p>Por esta raz\u00f3n, YPF adelant\u00f3 que continuar\u00e1 monitoreando la evoluci\u00f3n de las variables que inciden en la formaci\u00f3n de precios, \u201cteniendo en consideraci\u00f3n las particularidades del contexto macroecon\u00f3mico del pa\u00eds y la realidad internacional\u201d.<\/p><\/blockquote>\n<p>&nbsp;<\/p>\n<p><strong>El \u00faltimo incremento anunciado por la empresa hab\u00eda sido del 9%<\/strong> y <a href=\"https:\/\/cdnoticias.com\/index.php\/2022\/02\/02\/desde-este-miercoles-suba-de-combustibles-de-ypf-un-9-promedio\/\" target=\"_blank\" rel=\"noopener\">comenz\u00f3 a regir a principios de febrero pasado<\/a>, tambi\u00e9n en un contexto de incremento sostenido de los costos mundiales de la energ\u00eda.<\/p>\n<p>&nbsp;<\/p>\n<p>Fuente: <em>Agencia DIB<\/em><\/p>\n","protected":false},"excerpt":{"rendered":"<p>El ajuste responde a la evoluci\u00f3n de las principales variables que conforman el valor de venta al p\u00fablico. Es la<\/p>\n","protected":false},"author":4,"featured_media":16037,"comment_status":"closed","ping_status":"closed","sticky":false,"template":"","format":"standard","meta":{"_jetpack_memberships_contains_paid_content":false,"footnotes":""},"categories":[6,1],"tags":[],"class_list":["post-48989","post","type-post","status-publish","format-standard","has-post-thumbnail","hentry","category-nacionales","category-portada"],"jetpack_featured_media_url":"https:\/\/i0.wp.com\/cdnoticias.com\/wp-content\/uploads\/2021\/03\/ypf-playero.jpg?fit=750%2C427&ssl=1","jetpack_sharing_enabled":true,"_links":{"self":[{"href":"https:\/\/cdnoticias.com\/index.php\/wp-json\/wp\/v2\/posts\/48989","targetHints":{"allow":["GET"]}}],"collection":[{"href":"https:\/\/cdnoticias.com\/index.php\/wp-json\/wp\/v2\/posts"}],"about":[{"href":"https:\/\/cdnoticias.com\/index.php\/wp-json\/wp\/v2\/types\/post"}],"author":[{"embeddable":true,"href":"https:\/\/cdnoticias.com\/index.php\/wp-json\/wp\/v2\/users\/4"}],"replies":[{"embeddable":true,"href":"https:\/\/cdnoticias.com\/index.php\/wp-json\/wp\/v2\/comments?post=48989"}],"version-history":[{"count":0,"href":"https:\/\/cdnoticias.com\/index.php\/wp-json\/wp\/v2\/posts\/48989\/revisions"}],"wp:featuredmedia":[{"embeddable":true,"href":"https:\/\/cdnoticias.com\/index.php\/wp-json\/wp\/v2\/media\/16037"}],"wp:attachment":[{"href":"https:\/\/cdnoticias.com\/index.php\/wp-json\/wp\/v2\/media?parent=48989"}],"wp:term":[{"taxonomy":"category","embeddable":true,"href":"https:\/\/cdnoticias.com\/index.php\/wp-json\/wp\/v2\/categories?post=48989"},{"taxonomy":"post_tag","embeddable":true,"href":"https:\/\/cdnoticias.com\/index.php\/wp-json\/wp\/v2\/tags?post=48989"}],"curies":[{"name":"wp","href":"https:\/\/api.w.org\/{rel}","templated":true}]}}