{"id":48930,"date":"2022-03-13T13:29:57","date_gmt":"2022-03-13T16:29:57","guid":{"rendered":"https:\/\/www.centraldenoticias.com.ar\/?p=48930"},"modified":"2022-03-13T13:29:57","modified_gmt":"2022-03-13T16:29:57","slug":"desde-el-barrio-carlos-pellegrini-pidieron-mejoras-en-el-alumbrado-publico","status":"publish","type":"post","link":"https:\/\/cdnoticias.com\/index.php\/2022\/03\/13\/desde-el-barrio-carlos-pellegrini-pidieron-mejoras-en-el-alumbrado-publico\/","title":{"rendered":"Desde el barrio Carlos Pellegrini pidieron mejoras en el alumbrado p\u00fablico"},"content":{"rendered":"<p>Fue en una reuni\u00f3n con autoridades de Coopelectric en el marco del programa \u201cDi\u00e1logos Comunitarios\u201d. La cooperativa har\u00e1 un relevamiento en el sector.<\/p>\n<p><!--more--><\/p>\n<hr \/>\n<p><strong>En el marco del Programa \u201cDi\u00e1logos Comunitarios\u201d<\/strong>, el presidente del Consejo de Administraci\u00f3n Cruz Arouxet, el secretario Alberto Miotti, el prosecretario Oscar Angeletti, el presidente del Cuerpo de Delegados Ignacio Pagano y el S\u00edndico Horacio Balbiani, <strong>recibieron en la sede administrativa de Coopelectric al presidente de la Junta Vecinal del barrio Carlos Pellegrini Diego Rold\u00e1n y a la protesorera Mar\u00eda Monjes<\/strong>.<\/p>\n<p>&nbsp;<\/p>\n<p>Al iniciar el encuentro, y en nombre del Consejo de Administraci\u00f3n, Cruz Arouxet los felicit\u00f3 por su reciente designaci\u00f3n al frente de la Junta Vecinal y les augur\u00f3 \u00e9xitos en la gesti\u00f3n. Luego se refiri\u00f3 al programa Di\u00e1logos Comunitarios que busca <strong>promover el acercamiento con las entidades intermedias de la ciudad<\/strong> para dialogar con los vecinos, responder inquietudes vinculadas a los servicios que presta la Cooperativa y trabajar de forma articulada para resolver las situaciones que se plantean en cada reuni\u00f3n.<em> \u201cSi\u00e9ntanse como en su casa, como en su barrio porque la Cooperativa est\u00e1 para eso\u201d<\/em> afirm\u00f3 el titular de Coopelectric antes de ceder la palabra a los representantes del barrio Carlos Pellegrini.<\/p>\n<p>&nbsp;<\/p>\n<p>El tema que despert\u00f3 mayor inter\u00e9s fue el <strong>servicio de Alumbrado P\u00fablico<\/strong> que pertenece al Municipio pero su operaci\u00f3n y mantenimiento es ejecutada por Coopelectric. En tal sentido, se acord\u00f3 que la Junta Vecinal realizar\u00e1 un <strong>relevamiento para identificar las luminarias que se encuentran apagadas<\/strong> en el sector a los efectos de trasladar la informaci\u00f3n a la Cooperativa para su posterior reparaci\u00f3n.<\/p>\n<p>&nbsp;<\/p>\n<p><img data-recalc-dims=\"1\" loading=\"lazy\" decoding=\"async\" class=\"size-large wp-image-48931 aligncenter\" src=\"https:\/\/i0.wp.com\/cdnoticias.com\/wp-content\/uploads\/2022\/03\/Coopelectric-Reunion-Jta-Vec-Carlos-Pellegrini-02.jpeg?resize=800%2C450&#038;ssl=1\" alt=\"\" width=\"800\" height=\"450\" srcset=\"https:\/\/i0.wp.com\/cdnoticias.com\/wp-content\/uploads\/2022\/03\/Coopelectric-Reunion-Jta-Vec-Carlos-Pellegrini-02.jpeg?resize=1024%2C576&amp;ssl=1 1024w, https:\/\/i0.wp.com\/cdnoticias.com\/wp-content\/uploads\/2022\/03\/Coopelectric-Reunion-Jta-Vec-Carlos-Pellegrini-02.jpeg?resize=300%2C169&amp;ssl=1 300w, https:\/\/i0.wp.com\/cdnoticias.com\/wp-content\/uploads\/2022\/03\/Coopelectric-Reunion-Jta-Vec-Carlos-Pellegrini-02.jpeg?resize=768%2C432&amp;ssl=1 768w, https:\/\/i0.wp.com\/cdnoticias.com\/wp-content\/uploads\/2022\/03\/Coopelectric-Reunion-Jta-Vec-Carlos-Pellegrini-02.jpeg?resize=1536%2C864&amp;ssl=1 1536w, https:\/\/i0.wp.com\/cdnoticias.com\/wp-content\/uploads\/2022\/03\/Coopelectric-Reunion-Jta-Vec-Carlos-Pellegrini-02.jpeg?w=1600&amp;ssl=1 1600w\" sizes=\"auto, (max-width: 800px) 100vw, 800px\" \/><\/p>\n<p>&nbsp;<\/p>\n<blockquote><p>En esa l\u00ednea, se subray\u00f3 la importancia de que los asociados efect\u00faen los reclamos a trav\u00e9s de las v\u00edas de comunicaci\u00f3n habituales para facilitar la tarea y permitir su trazabilidad. Desde el Consejo de Administraci\u00f3n se destac\u00f3 la incorporaci\u00f3n del bot de WhatsApp (2284-230707) como nueva v\u00eda para realizar reclamos t\u00e9cnicos y administrativos, por lo que se invit\u00f3 a los vecinos a difundirlo a trav\u00e9s de la instituci\u00f3n.<\/p><\/blockquote>\n<p>&nbsp;<\/p>\n<p>Otra de las inquietudes planteadas se relacion\u00f3 con la <strong>expansi\u00f3n del alumbrado p\u00fablico en la ciudad<\/strong>. Ante ello se explic\u00f3 que la expansi\u00f3n del sistema es planificada y financiada por el Municipio. No obstante, se brind\u00f3 informaci\u00f3n sobre la posibilidad de que los vecinos asuman el costo de forma colectiva para la instalaci\u00f3n de nuevas luminarias, previo estudio de factibilidad y realizaci\u00f3n del tr\u00e1mite pertinente en la sede administrativa de Coopelectric. <em>\u201cEn este caso, el costo de la luminaria se divide por la totalidad de los vecinos que adhieran de forma voluntaria a la iniciativa, y la Cooperativa ofrece un plan de pago de hasta 10 cuotas a trav\u00e9s de las facturas de electricidad\u201d<\/em> se\u00f1alaron desde Coopelectric.<\/p>\n<p>&nbsp;<\/p>\n<p>Al mismo tiempo se hizo menci\u00f3n a las <strong>obras de mantenimiento el\u00e9ctrico<\/strong> desarrolladas durante los \u00faltimos meses que han permitido mejorar la calidad de servicio en el barrio, se abordaron las caracter\u00edsticas del Servicio Sanitario, los Servicios Sociales, la Tarifa Social y finalmente de la Electrodependencia. Una de las integrantes de la Junta Vecinal ha sido encuadrada en esta categor\u00eda a causa de la patolog\u00eda que presenta su hija, por lo que se mencion\u00f3 la <strong>prioridad de atenci\u00f3n y el acompa\u00f1amiento que se realiza desde la Cooperativa a los usuarios electrodependientes<\/strong> en pos de garantizar la prestaci\u00f3n del suministro el\u00e9ctrico.<\/p>\n<p>&nbsp;<\/p>\n<p>Los integrantes de la Junta Vecinal tambi\u00e9n se refirieron a los objetivos planteados por la nueva Comisi\u00f3n Directiva, a las actividades que est\u00e1n llevando adelante y a los proyectos futuros para mejorar la calidad de vida de los vecinos del barrio Carlos Pellegrini.<\/p>\n<p>&nbsp;<\/p>\n<p><img data-recalc-dims=\"1\" loading=\"lazy\" decoding=\"async\" class=\"size-large wp-image-48932 aligncenter\" src=\"https:\/\/i0.wp.com\/cdnoticias.com\/wp-content\/uploads\/2022\/03\/Coopelectric-Reunion-Jta-Vec-Carlos-Pellegrini-01.jpeg?resize=800%2C450&#038;ssl=1\" alt=\"\" width=\"800\" height=\"450\" srcset=\"https:\/\/i0.wp.com\/cdnoticias.com\/wp-content\/uploads\/2022\/03\/Coopelectric-Reunion-Jta-Vec-Carlos-Pellegrini-01.jpeg?resize=1024%2C576&amp;ssl=1 1024w, https:\/\/i0.wp.com\/cdnoticias.com\/wp-content\/uploads\/2022\/03\/Coopelectric-Reunion-Jta-Vec-Carlos-Pellegrini-01.jpeg?resize=300%2C169&amp;ssl=1 300w, https:\/\/i0.wp.com\/cdnoticias.com\/wp-content\/uploads\/2022\/03\/Coopelectric-Reunion-Jta-Vec-Carlos-Pellegrini-01.jpeg?resize=768%2C432&amp;ssl=1 768w, https:\/\/i0.wp.com\/cdnoticias.com\/wp-content\/uploads\/2022\/03\/Coopelectric-Reunion-Jta-Vec-Carlos-Pellegrini-01.jpeg?resize=1536%2C864&amp;ssl=1 1536w, https:\/\/i0.wp.com\/cdnoticias.com\/wp-content\/uploads\/2022\/03\/Coopelectric-Reunion-Jta-Vec-Carlos-Pellegrini-01.jpeg?w=1600&amp;ssl=1 1600w\" sizes=\"auto, (max-width: 800px) 100vw, 800px\" \/><\/p>\n<p>&nbsp;<\/p>\n<p><strong>Programa \u201cDi\u00e1logos Comunitarios\u201d<\/strong><\/p>\n<p>&nbsp;<\/p>\n<p>El Programa impulsado por Coopelectric,<strong> promueve espacios de encuentro con referentes de juntas vecinales<\/strong>, sociedades de fomento, entidades barriales, instituciones deportivas, educativas, asociaciones civiles sin fines de lucro, ONGs, entre otras; con la finalidad de abordar tem\u00e1ticas vinculadas a las prestaciones que brinda Coopelectric, profundizar el v\u00ednculo institucional y acordar acciones de trabajo concretas.<\/p>\n<p>&nbsp;<\/p>\n<p>Las entidades interesadas en participar <strong>pueden solicitar un encuentro acerc\u00e1ndose de lunes a viernes de 7:30 a 14:30 hs<\/strong>. al \u00e1rea de Secretar\u00eda en la sede de Belgrano N\u00b0 2850 o contact\u00e1ndose a trav\u00e9s de la casilla de correo secretariaadministracion@coopelectric.com.ar<\/p>\n<p>&nbsp;<\/p>\n","protected":false},"excerpt":{"rendered":"<p>Fue en una reuni\u00f3n con autoridades de Coopelectric en el marco del programa \u201cDi\u00e1logos Comunitarios\u201d. La cooperativa har\u00e1 un relevamiento<\/p>\n","protected":false},"author":4,"featured_media":48932,"comment_status":"closed","ping_status":"closed","sticky":false,"template":"","format":"standard","meta":{"_jetpack_memberships_contains_paid_content":false,"footnotes":""},"categories":[5,1],"tags":[],"class_list":["post-48930","post","type-post","status-publish","format-standard","has-post-thumbnail","hentry","category-informacion-general","category-portada"],"jetpack_featured_media_url":"https:\/\/i0.wp.com\/cdnoticias.com\/wp-content\/uploads\/2022\/03\/Coopelectric-Reunion-Jta-Vec-Carlos-Pellegrini-01.jpeg?fit=1600%2C900&ssl=1","jetpack_sharing_enabled":true,"_links":{"self":[{"href":"https:\/\/cdnoticias.com\/index.php\/wp-json\/wp\/v2\/posts\/48930","targetHints":{"allow":["GET"]}}],"collection":[{"href":"https:\/\/cdnoticias.com\/index.php\/wp-json\/wp\/v2\/posts"}],"about":[{"href":"https:\/\/cdnoticias.com\/index.php\/wp-json\/wp\/v2\/types\/post"}],"author":[{"embeddable":true,"href":"https:\/\/cdnoticias.com\/index.php\/wp-json\/wp\/v2\/users\/4"}],"replies":[{"embeddable":true,"href":"https:\/\/cdnoticias.com\/index.php\/wp-json\/wp\/v2\/comments?post=48930"}],"version-history":[{"count":0,"href":"https:\/\/cdnoticias.com\/index.php\/wp-json\/wp\/v2\/posts\/48930\/revisions"}],"wp:featuredmedia":[{"embeddable":true,"href":"https:\/\/cdnoticias.com\/index.php\/wp-json\/wp\/v2\/media\/48932"}],"wp:attachment":[{"href":"https:\/\/cdnoticias.com\/index.php\/wp-json\/wp\/v2\/media?parent=48930"}],"wp:term":[{"taxonomy":"category","embeddable":true,"href":"https:\/\/cdnoticias.com\/index.php\/wp-json\/wp\/v2\/categories?post=48930"},{"taxonomy":"post_tag","embeddable":true,"href":"https:\/\/cdnoticias.com\/index.php\/wp-json\/wp\/v2\/tags?post=48930"}],"curies":[{"name":"wp","href":"https:\/\/api.w.org\/{rel}","templated":true}]}}