{"id":48921,"date":"2022-03-13T11:36:13","date_gmt":"2022-03-13T14:36:13","guid":{"rendered":"https:\/\/www.centraldenoticias.com.ar\/?p=48921"},"modified":"2022-03-13T13:57:54","modified_gmt":"2022-03-13T16:57:54","slug":"robo-una-bicicleta-y-se-descarto-de-un-televisor-termino-aprehendido","status":"publish","type":"post","link":"https:\/\/cdnoticias.com\/index.php\/2022\/03\/13\/robo-una-bicicleta-y-se-descarto-de-un-televisor-termino-aprehendido\/","title":{"rendered":"Rob\u00f3 una bicicleta y se descart\u00f3 de un televisor: termin\u00f3 aprehendido"},"content":{"rendered":"<p>Fue este s\u00e1bado. El acusado, de 31 a\u00f1os, fue capturado en Azopardo al 3600.<!--more--><\/p>\n<hr \/>\n<p><strong>Un hombre de 31 a\u00f1os fue aprehendido en Azopardo al 3600.<\/strong> Ten\u00eda en su poder art\u00edculos que hab\u00edan sido robados de un domicilio cercano. Adem\u00e1s, se realiz\u00f3 un allanamiento en inmediaciones del barrio Coronel Dorrego donde se recuperaron m\u00e1s elementos robados.<\/p>\n<p>&nbsp;<\/p>\n<p>Seg\u00fan se detall\u00f3 de manera oficial, <strong>personal del Comando de Patrullas fue convocado a trav\u00e9s del 911 a Azopardo al 3600 donde fue capturado el sospechoso<\/strong>.<\/p>\n<p>&nbsp;<\/p>\n<blockquote><p>Se hizo saber que el hombre fue acusado de violentar la puerta de acceso a una vivienda y robar una bicicleta tipo mountain bike rodado 26 y un malet\u00edn con herramientas de mano. Llevaba estos art\u00edculos en su poder al momento de la aprehensi\u00f3n, los cuales fueron recogidos como elementos probatorios.<\/p><\/blockquote>\n<p>&nbsp;<\/p>\n<p>Asimismo, los efectivos lograron establecer que la misma persona<strong> se hab\u00eda \u201cdescartado\u201d en una vivienda de calle 11 al 3100 de un televisor tipo LCD.<\/strong><\/p>\n<p>&nbsp;<\/p>\n<p>Con ello, se realiz\u00f3 <strong>un allanamiento con anuencia<\/strong> en dicho domicilio y el televisor tambi\u00e9n fue recogido.<\/p>\n<p>&nbsp;<\/p>\n<p>El acusado fue trasladado a la seccional Segunda, as\u00ed como todos los art\u00edculos recogidos.\u00a0Se llevaron adelante actuaciones caratuladas<strong> \u201crobo in fraganti delito\u201d<\/strong> con intervenci\u00f3n de la UFI N\u00ba 10 a cargo del fiscal Miguel Pi\u00f1eiro.<\/p>\n","protected":false},"excerpt":{"rendered":"<p>Fue este s\u00e1bado. El acusado, de 31 a\u00f1os, fue capturado en Azopardo al 3600.<\/p>\n","protected":false},"author":4,"featured_media":48922,"comment_status":"closed","ping_status":"closed","sticky":false,"template":"","format":"standard","meta":{"_jetpack_memberships_contains_paid_content":false,"footnotes":""},"categories":[14,1],"tags":[],"class_list":["post-48921","post","type-post","status-publish","format-standard","has-post-thumbnail","hentry","category-policiales","category-portada"],"jetpack_featured_media_url":"https:\/\/i0.wp.com\/cdnoticias.com\/wp-content\/uploads\/2022\/03\/robo-azopardo-3600A.jpg?fit=800%2C445&ssl=1","jetpack_sharing_enabled":true,"_links":{"self":[{"href":"https:\/\/cdnoticias.com\/index.php\/wp-json\/wp\/v2\/posts\/48921","targetHints":{"allow":["GET"]}}],"collection":[{"href":"https:\/\/cdnoticias.com\/index.php\/wp-json\/wp\/v2\/posts"}],"about":[{"href":"https:\/\/cdnoticias.com\/index.php\/wp-json\/wp\/v2\/types\/post"}],"author":[{"embeddable":true,"href":"https:\/\/cdnoticias.com\/index.php\/wp-json\/wp\/v2\/users\/4"}],"replies":[{"embeddable":true,"href":"https:\/\/cdnoticias.com\/index.php\/wp-json\/wp\/v2\/comments?post=48921"}],"version-history":[{"count":0,"href":"https:\/\/cdnoticias.com\/index.php\/wp-json\/wp\/v2\/posts\/48921\/revisions"}],"wp:featuredmedia":[{"embeddable":true,"href":"https:\/\/cdnoticias.com\/index.php\/wp-json\/wp\/v2\/media\/48922"}],"wp:attachment":[{"href":"https:\/\/cdnoticias.com\/index.php\/wp-json\/wp\/v2\/media?parent=48921"}],"wp:term":[{"taxonomy":"category","embeddable":true,"href":"https:\/\/cdnoticias.com\/index.php\/wp-json\/wp\/v2\/categories?post=48921"},{"taxonomy":"post_tag","embeddable":true,"href":"https:\/\/cdnoticias.com\/index.php\/wp-json\/wp\/v2\/tags?post=48921"}],"curies":[{"name":"wp","href":"https:\/\/api.w.org\/{rel}","templated":true}]}}