{"id":48904,"date":"2022-03-12T20:06:05","date_gmt":"2022-03-12T23:06:05","guid":{"rendered":"https:\/\/www.centraldenoticias.com.ar\/?p=48904"},"modified":"2022-03-12T20:06:05","modified_gmt":"2022-03-12T23:06:05","slug":"ante-un-importante-marco-de-publico-se-inauguro-la-muestra-miradas-5","status":"publish","type":"post","link":"https:\/\/cdnoticias.com\/index.php\/2022\/03\/12\/ante-un-importante-marco-de-publico-se-inauguro-la-muestra-miradas-5\/","title":{"rendered":"Ante un importante marco de p\u00fablico se inaugur\u00f3 la muestra &#8220;Miradas 5&#8221;"},"content":{"rendered":"<p>La muestra reune la obra de 5 artistas locales y estar\u00e1 disponible en el Centro Cultural San Jos\u00e9 hasta el pr\u00f3ximo 1o de abril. Galer\u00eda de im\u00e1genes.<!--more--><\/p>\n<hr \/>\n<p>En el cierre de la tarde de este s\u00e1bado el Centro Cultural San Jos\u00e9 fue sede de la presentaci\u00f3n oficial de la muestra<strong> &#8220;Miradas 5&#8221;, que re\u00fane la obra de 5 artista locales y estar\u00e1 disponible hasta el pr\u00f3ximo 10 de abril.\u00a0<\/strong><\/p>\n<p>&nbsp;<\/p>\n<p>Agustina Marino, directora de Gesti\u00f3n Cultural del Municipio, fue la anfitriona del evento que cont\u00f3 con la presencia de <strong>Rosana Farana, Cecilia Bax, Natalia Krivochen, Luciana Navarro y Natalia Schumacher, precisamente las artistas que participan de la muestra.<\/strong><\/p>\n<p>&nbsp;<\/p>\n<p><img data-recalc-dims=\"1\" loading=\"lazy\" decoding=\"async\" class=\"alignnone size-full wp-image-48903\" src=\"https:\/\/i0.wp.com\/cdnoticias.com\/wp-content\/uploads\/2022\/03\/Mirada5.jpg?resize=800%2C445&#038;ssl=1\" alt=\"\" width=\"800\" height=\"445\" srcset=\"https:\/\/i0.wp.com\/cdnoticias.com\/wp-content\/uploads\/2022\/03\/Mirada5.jpg?w=800&amp;ssl=1 800w, https:\/\/i0.wp.com\/cdnoticias.com\/wp-content\/uploads\/2022\/03\/Mirada5.jpg?resize=300%2C167&amp;ssl=1 300w, https:\/\/i0.wp.com\/cdnoticias.com\/wp-content\/uploads\/2022\/03\/Mirada5.jpg?resize=768%2C427&amp;ssl=1 768w\" sizes=\"auto, (max-width: 800px) 100vw, 800px\" \/><\/p>\n<p>&nbsp;<\/p>\n<p><strong>\u201cCada una de ellas tiene una propuesta distinta bajo diferentes conceptos y con diferentes soportes<\/strong>. Algunas tendr\u00e1n much\u00edsimo color y otras ser\u00e1n m\u00e1s discretas\u201d, hab\u00eda <a href=\"https:\/\/cdnoticias.com\/index.php\/2022\/03\/12\/miradas-5-es-necesario-que-la-perspectiva-de-genero-empiece-a-tratarse-desde-las-instituciones\/\">narrado Marino a este portal.<\/a>.<\/p>\n<p>&nbsp;<\/p>\n<p>La propuesta incluye visitas guiadas, talleres y espect\u00e1culos musicales tambi\u00e9n integrados por mujeres entre ellas La Mawya, Adriana Saravia, Mar\u00eda In\u00e9s Banegas y <strong>Uruguayas Duo, quienes se presentaron en la jornada inaugural.<\/strong><\/p>\n<p>&nbsp;<\/p>\n<p><em>Galer\u00eda de im\u00e1genes de Danisa Jaime<\/em><\/p>\n<p>&nbsp;<\/p>\n<p>[soliloquy id=&#8221;48892&#8243;]<\/p>\n","protected":false},"excerpt":{"rendered":"<p>La muestra reune la obra de 5 artistas locales y estar\u00e1 disponible en el Centro Cultural San Jos\u00e9 hasta el<\/p>\n","protected":false},"author":3,"featured_media":48901,"comment_status":"closed","ping_status":"closed","sticky":false,"template":"","format":"standard","meta":{"_jetpack_memberships_contains_paid_content":false,"footnotes":""},"categories":[9,1],"tags":[],"class_list":["post-48904","post","type-post","status-publish","format-standard","has-post-thumbnail","hentry","category-cultura","category-portada"],"jetpack_featured_media_url":"https:\/\/i0.wp.com\/cdnoticias.com\/wp-content\/uploads\/2022\/03\/Mirada5-09.jpg?fit=800%2C445&ssl=1","jetpack_sharing_enabled":true,"_links":{"self":[{"href":"https:\/\/cdnoticias.com\/index.php\/wp-json\/wp\/v2\/posts\/48904","targetHints":{"allow":["GET"]}}],"collection":[{"href":"https:\/\/cdnoticias.com\/index.php\/wp-json\/wp\/v2\/posts"}],"about":[{"href":"https:\/\/cdnoticias.com\/index.php\/wp-json\/wp\/v2\/types\/post"}],"author":[{"embeddable":true,"href":"https:\/\/cdnoticias.com\/index.php\/wp-json\/wp\/v2\/users\/3"}],"replies":[{"embeddable":true,"href":"https:\/\/cdnoticias.com\/index.php\/wp-json\/wp\/v2\/comments?post=48904"}],"version-history":[{"count":0,"href":"https:\/\/cdnoticias.com\/index.php\/wp-json\/wp\/v2\/posts\/48904\/revisions"}],"wp:featuredmedia":[{"embeddable":true,"href":"https:\/\/cdnoticias.com\/index.php\/wp-json\/wp\/v2\/media\/48901"}],"wp:attachment":[{"href":"https:\/\/cdnoticias.com\/index.php\/wp-json\/wp\/v2\/media?parent=48904"}],"wp:term":[{"taxonomy":"category","embeddable":true,"href":"https:\/\/cdnoticias.com\/index.php\/wp-json\/wp\/v2\/categories?post=48904"},{"taxonomy":"post_tag","embeddable":true,"href":"https:\/\/cdnoticias.com\/index.php\/wp-json\/wp\/v2\/tags?post=48904"}],"curies":[{"name":"wp","href":"https:\/\/api.w.org\/{rel}","templated":true}]}}