{"id":4887,"date":"2020-10-26T10:30:40","date_gmt":"2020-10-26T13:30:40","guid":{"rendered":"http:\/\/www.centraldenoticias.com.ar\/?p=4887"},"modified":"2020-10-26T13:44:30","modified_gmt":"2020-10-26T16:44:30","slug":"trebucq-hay-indicadores-que-hablan-de-la-circulacion-comunitaria-en-tandil-y-olavarria","status":"publish","type":"post","link":"https:\/\/cdnoticias.com\/index.php\/2020\/10\/26\/trebucq-hay-indicadores-que-hablan-de-la-circulacion-comunitaria-en-tandil-y-olavarria\/","title":{"rendered":"Trebucq: \u201chay indicadores que hablan de la circulaci\u00f3n comunitaria en Tandil y Olavarr\u00eda\u201d"},"content":{"rendered":"<p>El decano de la Facultad de Ciencias de la Salud dialog\u00f3 con un medio de Tandil y se\u00f1al\u00f3 que los \u201cindicadores m\u00e1s objetivos\u201d arrojan esta premisa. Indic\u00f3 tambi\u00e9n que se produjo tras \u201cflexibilizar algunas medidas que eran m\u00e1s cuidadas e importantes\u201d y que ahora se deber\u00e1 \u201camesetar el pico\u201d.<!--more--><\/p>\n<hr \/>\n<p>En una entrevista realizada a <a href=\"https:\/\/www.radiovoz.com.ar\/index.php\" target=\"_blank\" rel=\"noopener\">Radio Voz de Tandil<\/a>, <strong>el decano de la Facultad de Ciencias de la Salud, H\u00e9ctor Trebucq, opin\u00f3 sobre el momento que atraviesan tanto la vecina ciudad como tambi\u00e9n Olavarr\u00eda por la pandemia de COVID-19.<\/strong><\/p>\n<p>&nbsp;<\/p>\n<p>Se\u00f1al\u00f3 algunos<em> \u201cindicadores muy objetivos\u201d<\/em> como<em> \u201cel periodo de duplicaci\u00f3n de casos, otro es el porcentaje de positividad de testeados, casos por 100 mil habitantes por semana\u201d<\/em>, y admiti\u00f3 que esos<strong><em> \u201cson indicadores que hablan de la circulaci\u00f3n comunitaria en nuestras ciudades, fundamentalmente en Tandil y Olavarr\u00eda\u201d.<\/em><\/strong><\/p>\n<p>&nbsp;<\/p>\n<p>Coincidi\u00f3 en el \u201ccorrimiento\u201d de la pandemia desde el AMBA hacia el interior, y <em>\u201cse han flexibilizado algunas medidas que al principio eran m\u00e1s cuidadas e importantes: los ingresos a la ciudad, las reuniones sociales. Eso se ha ido relajando y eso marca algunas tendencias con la decisi\u00f3n de la gente que est\u00e1 con cierto agotamiento. Eso va a generar que los servicios de cuidados intensivos, de cuidados COVID se vayan saturando. Hay gran cantidad de pacientes en la UTI de Tandil y Olavarr\u00eda\u201d<\/em> a\u00f1adi\u00f3.<\/p>\n<p>&nbsp;<\/p>\n<p>En materia formativa, Trebucq explic\u00f3 que <strong><em>\u201cla terapia intensiva es una especialidad que no tiene tantos a\u00f1os como otras como cl\u00ednica, cirug\u00eda. Ha habido inter\u00e9s en profesionales de formarse en ese sentido pero no es una residencia muy buscada, hay vacantes\u201d.<\/em><\/strong><\/p>\n<p>&nbsp;<\/p>\n<p>Admiti\u00f3, en ese sentido, que <em>\u201cno hay un reconocimiento a los intensivistas o los terapistas. Muchos dependen de las guardias. Ese tipo de especialidades que son tan polivalentes, generales, no son reconocidas econ\u00f3micamente ni de otro modo. Los intensivistas recibimos la parte m\u00e1s \u201cpesada\u201d del trabajo en todo sentido\u201d.<\/em><\/p>\n<p>&nbsp;<\/p>\n<p>En materia de tratamientos para tratar la enfermedad una vez conocido el positivo de COVID, el doctor se\u00f1al\u00f3 que <strong>no se est\u00e1 recetando <em>\u201cel ibuprofeno inhalado\u201d<\/em><\/strong>, y que <strong><em>\u201csi se est\u00e1 usando bastante la Ivermectina\u201d.<\/em> <\/strong>Afortunadamente, seg\u00fan la visi\u00f3n de Trebucq, <em>\u201cha desaparecido la idea de la hidroxicloroquina\u201d.<\/em><\/p>\n<p>&nbsp;<\/p>\n<blockquote><p>De cara a lo que viene, el decano de la casa de altos estudios local se\u00f1al\u00f3 que ser\u00e1 \u201ccomplicado\u201d. \u201cEn el interior estamos en el pico, tenemos que llegar a un amesetamiento alto y ah\u00ed empezar a bajar. Esto ser\u00e1 hasta fin de a\u00f1o, sin dudas\u201d.<\/p><\/blockquote>\n<p>&nbsp;<\/p>\n<p><em>\u201cAl no manejar el pico y persistir, pasa lo de Francia que declar\u00f3 toque de queda. Esa experiencia me llam\u00f3 poderosamente la atenci\u00f3n. Es una situaci\u00f3n sumamente complicada\u201d<\/em>. Volvi\u00f3 a poner como ejemplo Olavarr\u00eda donde <strong><em>\u201chay un 40% acumulado de positividad, 4 de cada 10 da positivo. Eso deber\u00eda dar 10%. Entonces all\u00ed aparecen los planes masivos de testeos para bajar esa positividad\u201d<\/em><\/strong> cerr\u00f3 el doctor.<\/p>\n","protected":false},"excerpt":{"rendered":"<p>El decano de la Facultad de Ciencias de la Salud dialog\u00f3 con un medio de Tandil y se\u00f1al\u00f3 que los<\/p>\n","protected":false},"author":2,"featured_media":1080,"comment_status":"closed","ping_status":"closed","sticky":false,"template":"","format":"standard","meta":{"_jetpack_memberships_contains_paid_content":false,"footnotes":""},"categories":[5,1],"tags":[],"class_list":["post-4887","post","type-post","status-publish","format-standard","has-post-thumbnail","hentry","category-informacion-general","category-portada"],"jetpack_featured_media_url":"https:\/\/i0.wp.com\/cdnoticias.com\/wp-content\/uploads\/2020\/09\/WhatsApp-Image-2020-09-08-at-19.03.50.jpeg?fit=1280%2C960&ssl=1","jetpack_sharing_enabled":true,"_links":{"self":[{"href":"https:\/\/cdnoticias.com\/index.php\/wp-json\/wp\/v2\/posts\/4887","targetHints":{"allow":["GET"]}}],"collection":[{"href":"https:\/\/cdnoticias.com\/index.php\/wp-json\/wp\/v2\/posts"}],"about":[{"href":"https:\/\/cdnoticias.com\/index.php\/wp-json\/wp\/v2\/types\/post"}],"author":[{"embeddable":true,"href":"https:\/\/cdnoticias.com\/index.php\/wp-json\/wp\/v2\/users\/2"}],"replies":[{"embeddable":true,"href":"https:\/\/cdnoticias.com\/index.php\/wp-json\/wp\/v2\/comments?post=4887"}],"version-history":[{"count":0,"href":"https:\/\/cdnoticias.com\/index.php\/wp-json\/wp\/v2\/posts\/4887\/revisions"}],"wp:featuredmedia":[{"embeddable":true,"href":"https:\/\/cdnoticias.com\/index.php\/wp-json\/wp\/v2\/media\/1080"}],"wp:attachment":[{"href":"https:\/\/cdnoticias.com\/index.php\/wp-json\/wp\/v2\/media?parent=4887"}],"wp:term":[{"taxonomy":"category","embeddable":true,"href":"https:\/\/cdnoticias.com\/index.php\/wp-json\/wp\/v2\/categories?post=4887"},{"taxonomy":"post_tag","embeddable":true,"href":"https:\/\/cdnoticias.com\/index.php\/wp-json\/wp\/v2\/tags?post=4887"}],"curies":[{"name":"wp","href":"https:\/\/api.w.org\/{rel}","templated":true}]}}