{"id":48869,"date":"2022-03-13T09:41:03","date_gmt":"2022-03-13T12:41:03","guid":{"rendered":"https:\/\/www.centraldenoticias.com.ar\/?p=48869"},"modified":"2022-03-13T11:39:17","modified_gmt":"2022-03-13T14:39:17","slug":"en-la-semana-se-aplicaron-mas-de-2-mil-vacunas-contra-el-coronavirus","status":"publish","type":"post","link":"https:\/\/cdnoticias.com\/index.php\/2022\/03\/13\/en-la-semana-se-aplicaron-mas-de-2-mil-vacunas-contra-el-coronavirus\/","title":{"rendered":"En la semana se aplicaron m\u00e1s de 2 mil vacunas contra el Coronavirus"},"content":{"rendered":"<p>Desde Regi\u00f3n Sanitaria IX se emiti\u00f3 el informe semanal. M\u00e1s de 1800 correspondieron a terceras dosis.<!--more--><\/p>\n<hr \/>\n<p>En la jornada de este s\u00e1bado Regi\u00f3n Sanitaria IX emiti\u00f3 el informe semanal con respecto al Plan Provincial de Vacunaci\u00f3n contra el Coronavirus. Seg\u00fan se detall\u00f3,<strong> se aplicaron m\u00e1s de 2 mil dosis.<\/strong><\/p>\n<p>&nbsp;<\/p>\n<p>Se precis\u00f3 que en total, desde el 5 al 11 de marzo, <strong>se aplicaron 2237 vacunas, de las cuales 1863 correspondieron a terceras dosis<\/strong> o de refuerzo.<\/p>\n<p>&nbsp;<\/p>\n<p><img data-recalc-dims=\"1\" loading=\"lazy\" decoding=\"async\" class=\"alignnone size-full wp-image-46704\" src=\"https:\/\/i0.wp.com\/cdnoticias.com\/wp-content\/uploads\/2022\/02\/vacunacion-covid-hinojo-00.jpg?resize=800%2C445&#038;ssl=1\" alt=\"\" width=\"800\" height=\"445\" srcset=\"https:\/\/i0.wp.com\/cdnoticias.com\/wp-content\/uploads\/2022\/02\/vacunacion-covid-hinojo-00.jpg?w=800&amp;ssl=1 800w, https:\/\/i0.wp.com\/cdnoticias.com\/wp-content\/uploads\/2022\/02\/vacunacion-covid-hinojo-00.jpg?resize=300%2C167&amp;ssl=1 300w, https:\/\/i0.wp.com\/cdnoticias.com\/wp-content\/uploads\/2022\/02\/vacunacion-covid-hinojo-00.jpg?resize=768%2C427&amp;ssl=1 768w\" sizes=\"auto, (max-width: 800px) 100vw, 800px\" \/><\/p>\n<p>&nbsp;<\/p>\n<p>Se narr\u00f3 que la vacunaci\u00f3n se distribuy\u00f3 de la siguiente manera: en la<strong> Facultad de Ciencias de la Salud se inocularon 1489 personas; en la Mutual Carlos A. Moreno de Suteba se aplicaron 522 dosis; y en las postas itinerantes fueron 226 los vecinos y vecinas vacunadas.<\/strong><\/p>\n<p>&nbsp;<\/p>\n<p>Por \u00faltimo, en cuanto a las actividades preventivas, en el Centro Provincial de Testeos <strong>contin\u00faan los hisopados en el sal\u00f3n de Club El Fort\u00edn (Urquiza 2981), de lunes a viernes de 7 a 11<\/strong>, destinadas a mayores de 60, personas de riego o embarazadas. Por consultas, podr\u00e1n acercarse a cualquiera de las dos postas: Mutual Carlos Alberto Moreno, ubicada en Collinet 4544, de 8 a 14 hs, y en la Facultad de Ciencias de la Salud, Merlo entre Av. Pringles y 9 de Julio, de 8 a 18 hs.<\/p>\n","protected":false},"excerpt":{"rendered":"<p>Desde Regi\u00f3n Sanitaria IX se emiti\u00f3 el informe semanal. M\u00e1s de 1800 correspondieron a terceras dosis.<\/p>\n","protected":false},"author":3,"featured_media":45543,"comment_status":"closed","ping_status":"closed","sticky":false,"template":"","format":"standard","meta":{"_jetpack_memberships_contains_paid_content":false,"footnotes":""},"categories":[16,1],"tags":[],"class_list":["post-48869","post","type-post","status-publish","format-standard","has-post-thumbnail","hentry","category-covid-19","category-portada"],"jetpack_featured_media_url":"https:\/\/i0.wp.com\/cdnoticias.com\/wp-content\/uploads\/2022\/02\/vacuna-barrio-aoma-01.jpg?fit=800%2C445&ssl=1","jetpack_sharing_enabled":true,"_links":{"self":[{"href":"https:\/\/cdnoticias.com\/index.php\/wp-json\/wp\/v2\/posts\/48869","targetHints":{"allow":["GET"]}}],"collection":[{"href":"https:\/\/cdnoticias.com\/index.php\/wp-json\/wp\/v2\/posts"}],"about":[{"href":"https:\/\/cdnoticias.com\/index.php\/wp-json\/wp\/v2\/types\/post"}],"author":[{"embeddable":true,"href":"https:\/\/cdnoticias.com\/index.php\/wp-json\/wp\/v2\/users\/3"}],"replies":[{"embeddable":true,"href":"https:\/\/cdnoticias.com\/index.php\/wp-json\/wp\/v2\/comments?post=48869"}],"version-history":[{"count":0,"href":"https:\/\/cdnoticias.com\/index.php\/wp-json\/wp\/v2\/posts\/48869\/revisions"}],"wp:featuredmedia":[{"embeddable":true,"href":"https:\/\/cdnoticias.com\/index.php\/wp-json\/wp\/v2\/media\/45543"}],"wp:attachment":[{"href":"https:\/\/cdnoticias.com\/index.php\/wp-json\/wp\/v2\/media?parent=48869"}],"wp:term":[{"taxonomy":"category","embeddable":true,"href":"https:\/\/cdnoticias.com\/index.php\/wp-json\/wp\/v2\/categories?post=48869"},{"taxonomy":"post_tag","embeddable":true,"href":"https:\/\/cdnoticias.com\/index.php\/wp-json\/wp\/v2\/tags?post=48869"}],"curies":[{"name":"wp","href":"https:\/\/api.w.org\/{rel}","templated":true}]}}