{"id":48851,"date":"2022-03-12T14:35:42","date_gmt":"2022-03-12T17:35:42","guid":{"rendered":"https:\/\/www.centraldenoticias.com.ar\/?p=48851"},"modified":"2022-03-12T14:35:42","modified_gmt":"2022-03-12T17:35:42","slug":"se-inauguro-el-ateneo-nestor-kirchner-un-lugar-para-todas-las-agrupaciones-del-campo-popular","status":"publish","type":"post","link":"https:\/\/cdnoticias.com\/index.php\/2022\/03\/12\/se-inauguro-el-ateneo-nestor-kirchner-un-lugar-para-todas-las-agrupaciones-del-campo-popular\/","title":{"rendered":"Se inaugur\u00f3 el Ateneo N\u00e9stor Kirchner: \u201cun lugar para todas las agrupaciones del campo popular\u201d"},"content":{"rendered":"<p>Fue en la tarde del viernes con un acto en la nueva sede de Pringles al 3900. El mensaje de C\u00e9sar Valicenti para la dirigencia: \u201cOlavarr\u00eda necesita que nos juntemos, nos organicemos y que no nos diferenciemos por cuestiones secundarias\u201d.<!--more--><\/p>\n<hr \/>\n<p><strong>En la tarde del viernes se inaugur\u00f3 el Ateneo N\u00e9stor Kirchner, un espacio que tiene como objetivo la confluencia de las agrupaciones que se identifican con el Frente de Todos<\/strong>. <em>\u201cQue sea un lugar para todas las agrupaciones del campo popular\u201d<\/em> es la aspiraci\u00f3n para la apertura de la nueva sede en Pringles 3968.<\/p>\n<p>&nbsp;<\/p>\n<p>Concurrieron numerosos dirigentes, referentes y militantes de organizaciones locales. Tras la inauguraci\u00f3n, para la que posaron las principales figuras del espacio, se abri\u00f3 la casona para que todos la recorran. Se adelant\u00f3 que <strong>el lunes comenzar\u00e1n las actividades: talleres, charlas, encuentros<\/strong>.<\/p>\n<p>&nbsp;<\/p>\n<blockquote class=\"twitter-tweet\">\n<p dir=\"ltr\" lang=\"es\">\u00a1Ya est\u00e1n abiertas las puertas del Ateneo N\u00e9stor Kirchner! \ud83d\udc27\ud83e\udd0d<\/p>\n<p>Ante una gran cantidad de vecinos y vecinas y representantes de organizaciones, sindicatos e instituciones inauguramos nuestro nuevo espacio. <a href=\"https:\/\/t.co\/7Ebi6MpUO0\">pic.twitter.com\/7Ebi6MpUO0<\/a><\/p>\n<p>\u2014 Ateneo N\u00e9stor Kirchner Olavarr\u00eda (@AteneoNKOlava) <a href=\"https:\/\/twitter.com\/AteneoNKOlava\/status\/1502469461130964994?ref_src=twsrc%5Etfw\">March 12, 2022<\/a><\/p><\/blockquote>\n<p><script async src=\"https:\/\/platform.twitter.com\/widgets.js\" charset=\"utf-8\"><\/script><\/p>\n<p>&nbsp;<\/p>\n<p>Las salas estaban presentadas para este tipo de propuestas y en una de ellas se hab\u00eda montado<strong> una muestra con im\u00e1genes del ex presidente N\u00e9stor Kirchner<\/strong> y una pantalla en la que se proyectaban videos con algunos de sus discursos m\u00e1s destacadas. Esta sala fue la que convoc\u00f3 a la mayor\u00eda de los asistentes.<\/p>\n<p>&nbsp;<\/p>\n<p><img data-recalc-dims=\"1\" loading=\"lazy\" decoding=\"async\" class=\"size-full wp-image-48857 aligncenter\" src=\"https:\/\/i0.wp.com\/cdnoticias.com\/wp-content\/uploads\/2022\/03\/ateneo-nk-04.jpg?resize=800%2C445&#038;ssl=1\" alt=\"\" width=\"800\" height=\"445\" srcset=\"https:\/\/i0.wp.com\/cdnoticias.com\/wp-content\/uploads\/2022\/03\/ateneo-nk-04.jpg?w=800&amp;ssl=1 800w, https:\/\/i0.wp.com\/cdnoticias.com\/wp-content\/uploads\/2022\/03\/ateneo-nk-04.jpg?resize=300%2C167&amp;ssl=1 300w, https:\/\/i0.wp.com\/cdnoticias.com\/wp-content\/uploads\/2022\/03\/ateneo-nk-04.jpg?resize=768%2C427&amp;ssl=1 768w\" sizes=\"auto, (max-width: 800px) 100vw, 800px\" \/><\/p>\n<p>&nbsp;<\/p>\n<p>Luego se dio paso a los discursos en un escenario dispuesto en el patio. All\u00ed estuvieron, entre otros, <em>C\u00e9sar Valicenti, quien fue el encargado de la alocuci\u00f3n principal, Federico Aguilera, Mercedes Land\u00edvar, Liliana Schwindt, Eduardo Rodr\u00edguez, Maximiliano Wesner, Juan S\u00e1nchez, Natalia \u00c1lvarez, Telma Cazot, Ariel Rodr\u00edguez, Gast\u00f3n Sarachu<\/em>, entre otros. <strong>\u201cMovimiento Evita, Todos Olavarr\u00eda, Proyecto Peronista, Frente Grande, Lealtad, Unidad Popular, La C\u00e1mpora, Movimiento Mayo, La Corriente, Nuestra Am\u00e9rica, Partido Solidario, Hacer Olavarr\u00eda, La Casa del Trabajador, SMATA, AOMA, CECO, Sadop, CTA y PJ\u201d<\/strong> fueron presentadas las agrupaciones y luego hubo una menci\u00f3n para los \u201cconcejales y consejeros escolares\u201d.<\/p>\n<p>&nbsp;<\/p>\n<blockquote><p>\u201cEs un profundo orgullo y mucha emoci\u00f3n ver tantos y tantas compa\u00f1eras de Olavarr\u00eda. La presencia multitudinaria le da mucho sentido a la convocatoria, porque seguramente hay expectativa de lo que va a ser el Ateneo, hay puesta mucha visi\u00f3n de futuro en lo que puede surgir a partir del Ateneo en esta ciudad\u201d inici\u00f3 Valicenti su intervenci\u00f3n.<\/p><\/blockquote>\n<p>&nbsp;<\/p>\n<p><img data-recalc-dims=\"1\" loading=\"lazy\" decoding=\"async\" class=\"size-full wp-image-48855 aligncenter\" src=\"https:\/\/i0.wp.com\/cdnoticias.com\/wp-content\/uploads\/2022\/03\/ateneo-nk-02.jpg?resize=800%2C445&#038;ssl=1\" alt=\"\" width=\"800\" height=\"445\" srcset=\"https:\/\/i0.wp.com\/cdnoticias.com\/wp-content\/uploads\/2022\/03\/ateneo-nk-02.jpg?w=800&amp;ssl=1 800w, https:\/\/i0.wp.com\/cdnoticias.com\/wp-content\/uploads\/2022\/03\/ateneo-nk-02.jpg?resize=300%2C167&amp;ssl=1 300w, https:\/\/i0.wp.com\/cdnoticias.com\/wp-content\/uploads\/2022\/03\/ateneo-nk-02.jpg?resize=768%2C427&amp;ssl=1 768w\" sizes=\"auto, (max-width: 800px) 100vw, 800px\" \/><\/p>\n<p>&nbsp;<\/p>\n<p>La propuesta para la participaci\u00f3n en el espacio fue <strong>\u201cpensar una Olavarr\u00eda distinta, m\u00e1s justa m\u00e1s amplia, m\u00e1s inclusiva y con m\u00e1s derechos\u201d<\/strong>. Luego expuso sus consideraciones sobre las necesidades para la ampliaci\u00f3n de las bases de participaci\u00f3n en el \u201ccampo nacional y popular\u201d en el distrito sobre lo que defini\u00f3 como <strong>\u201cser capaz de construir con lo diverso\u201d<\/strong>.<\/p>\n<p>&nbsp;<\/p>\n<blockquote><p>\u201cOlavarr\u00eda necesita que nos juntemos, nos organicemos y que no nos diferenciemos por cuestiones secundarias\u201d le dijo el legislador provincial a todos los asistentes y proyect\u00f3 la funci\u00f3n de \u201cpensar a d\u00f3nde queremos a llevar a Olavarr\u00eda en los pr\u00f3ximos 50 a\u00f1os\u201d.<\/p><\/blockquote>\n<p>&nbsp;<\/p>\n<p><img data-recalc-dims=\"1\" loading=\"lazy\" decoding=\"async\" class=\"size-full wp-image-48856 aligncenter\" src=\"https:\/\/i0.wp.com\/cdnoticias.com\/wp-content\/uploads\/2022\/03\/ateneo-nk-03.jpg?resize=800%2C445&#038;ssl=1\" alt=\"\" width=\"800\" height=\"445\" srcset=\"https:\/\/i0.wp.com\/cdnoticias.com\/wp-content\/uploads\/2022\/03\/ateneo-nk-03.jpg?w=800&amp;ssl=1 800w, https:\/\/i0.wp.com\/cdnoticias.com\/wp-content\/uploads\/2022\/03\/ateneo-nk-03.jpg?resize=300%2C167&amp;ssl=1 300w, https:\/\/i0.wp.com\/cdnoticias.com\/wp-content\/uploads\/2022\/03\/ateneo-nk-03.jpg?resize=768%2C427&amp;ssl=1 768w\" sizes=\"auto, (max-width: 800px) 100vw, 800px\" \/><\/p>\n<p>&nbsp;<\/p>\n<p>M\u00e1s tarde <strong>el micr\u00f3fono estuvo abierto para que los presentes puedan dar su testimonio y compartir sus reflexiones<\/strong>, fueron varios los discursos emotivos que se desplegaron durante el acto y evocaron en m\u00e1s de una oportunidad al ex presidente N\u00e9stor Kirchner.<\/p>\n<p>&nbsp;<\/p>\n<p><img data-recalc-dims=\"1\" loading=\"lazy\" decoding=\"async\" class=\"alignnone size-full wp-image-48858\" src=\"https:\/\/i0.wp.com\/cdnoticias.com\/wp-content\/uploads\/2022\/03\/ateneo-nk-05.jpg?resize=800%2C445&#038;ssl=1\" alt=\"\" width=\"800\" height=\"445\" srcset=\"https:\/\/i0.wp.com\/cdnoticias.com\/wp-content\/uploads\/2022\/03\/ateneo-nk-05.jpg?w=800&amp;ssl=1 800w, https:\/\/i0.wp.com\/cdnoticias.com\/wp-content\/uploads\/2022\/03\/ateneo-nk-05.jpg?resize=300%2C167&amp;ssl=1 300w, https:\/\/i0.wp.com\/cdnoticias.com\/wp-content\/uploads\/2022\/03\/ateneo-nk-05.jpg?resize=768%2C427&amp;ssl=1 768w\" sizes=\"auto, (max-width: 800px) 100vw, 800px\" \/><\/p>\n<p><img data-recalc-dims=\"1\" loading=\"lazy\" decoding=\"async\" class=\"alignnone size-full wp-image-48854\" src=\"https:\/\/i0.wp.com\/cdnoticias.com\/wp-content\/uploads\/2022\/03\/ateneo-nk-01.jpg?resize=800%2C445&#038;ssl=1\" alt=\"\" width=\"800\" height=\"445\" srcset=\"https:\/\/i0.wp.com\/cdnoticias.com\/wp-content\/uploads\/2022\/03\/ateneo-nk-01.jpg?w=800&amp;ssl=1 800w, https:\/\/i0.wp.com\/cdnoticias.com\/wp-content\/uploads\/2022\/03\/ateneo-nk-01.jpg?resize=300%2C167&amp;ssl=1 300w, https:\/\/i0.wp.com\/cdnoticias.com\/wp-content\/uploads\/2022\/03\/ateneo-nk-01.jpg?resize=768%2C427&amp;ssl=1 768w\" sizes=\"auto, (max-width: 800px) 100vw, 800px\" \/><\/p>\n<p>&nbsp;<\/p>\n<p>&nbsp;<\/p>\n","protected":false},"excerpt":{"rendered":"<p>Fue en la tarde del viernes con un acto en la nueva sede de Pringles al 3900. El mensaje de<\/p>\n","protected":false},"author":4,"featured_media":48853,"comment_status":"closed","ping_status":"closed","sticky":false,"template":"","format":"standard","meta":{"_jetpack_memberships_contains_paid_content":false,"footnotes":""},"categories":[4,1],"tags":[],"class_list":["post-48851","post","type-post","status-publish","format-standard","has-post-thumbnail","hentry","category-politica","category-portada"],"jetpack_featured_media_url":"https:\/\/i0.wp.com\/cdnoticias.com\/wp-content\/uploads\/2022\/03\/ateneo-nk-00.jpg?fit=800%2C445&ssl=1","jetpack_sharing_enabled":true,"_links":{"self":[{"href":"https:\/\/cdnoticias.com\/index.php\/wp-json\/wp\/v2\/posts\/48851","targetHints":{"allow":["GET"]}}],"collection":[{"href":"https:\/\/cdnoticias.com\/index.php\/wp-json\/wp\/v2\/posts"}],"about":[{"href":"https:\/\/cdnoticias.com\/index.php\/wp-json\/wp\/v2\/types\/post"}],"author":[{"embeddable":true,"href":"https:\/\/cdnoticias.com\/index.php\/wp-json\/wp\/v2\/users\/4"}],"replies":[{"embeddable":true,"href":"https:\/\/cdnoticias.com\/index.php\/wp-json\/wp\/v2\/comments?post=48851"}],"version-history":[{"count":0,"href":"https:\/\/cdnoticias.com\/index.php\/wp-json\/wp\/v2\/posts\/48851\/revisions"}],"wp:featuredmedia":[{"embeddable":true,"href":"https:\/\/cdnoticias.com\/index.php\/wp-json\/wp\/v2\/media\/48853"}],"wp:attachment":[{"href":"https:\/\/cdnoticias.com\/index.php\/wp-json\/wp\/v2\/media?parent=48851"}],"wp:term":[{"taxonomy":"category","embeddable":true,"href":"https:\/\/cdnoticias.com\/index.php\/wp-json\/wp\/v2\/categories?post=48851"},{"taxonomy":"post_tag","embeddable":true,"href":"https:\/\/cdnoticias.com\/index.php\/wp-json\/wp\/v2\/tags?post=48851"}],"curies":[{"name":"wp","href":"https:\/\/api.w.org\/{rel}","templated":true}]}}