{"id":48847,"date":"2022-03-12T13:39:46","date_gmt":"2022-03-12T16:39:46","guid":{"rendered":"https:\/\/www.centraldenoticias.com.ar\/?p=48847"},"modified":"2022-03-12T13:39:46","modified_gmt":"2022-03-12T16:39:46","slug":"el-lunes-se-abre-la-inscripcion-a-los-talleres-de-las-escuelas-municipales-de-artistica","status":"publish","type":"post","link":"https:\/\/cdnoticias.com\/index.php\/2022\/03\/12\/el-lunes-se-abre-la-inscripcion-a-los-talleres-de-las-escuelas-municipales-de-artistica\/","title":{"rendered":"El lunes se abre la inscripci\u00f3n a los talleres de las Escuelas Municipales de Art\u00edstica"},"content":{"rendered":"<p>Hasta el 25 de marzo podr\u00e1n anotarse los interesados. La Subsecretar\u00eda de Cultura y Educaci\u00f3n detall\u00f3 todos los cursos disponibles.<\/p>\n<p><!--more--><\/p>\n<hr \/>\n<p>Desde la Subsecretar\u00eda de Cultura y Educaci\u00f3n se dieron a conocer los talleres para este a\u00f1o de las Escuelas Municipales de Art\u00edstica.<\/p>\n<p>&nbsp;<\/p>\n<p>La inscripci\u00f3n se realizar\u00e1 del 14 al 25 de marzo y comprende las siguientes propuestas:<\/p>\n<p>&nbsp;<\/p>\n<p><strong>ESCUELA MUNICIPAL DE M\u00daSICA \u201c HNOS ROSSI\u201d.\u00a0<\/strong>Horario de inscripci\u00f3n: Lunes a viernes de 14 a 20 hs \u2013 Pringles 3027<\/p>\n<p>&nbsp;<\/p>\n<ul>\n<li>Guitarra.<\/li>\n<li>Ukelele<\/li>\n<li>Bater\u00eda.<\/li>\n<li>Piano.<\/li>\n<li>Teclado.<\/li>\n<li>Bajo.<\/li>\n<li>Viol\u00edn.<\/li>\n<li>Saxo.<\/li>\n<li>Flauta traversa.<\/li>\n<li>Acorde\u00f3n.<\/li>\n<li>Canto.<\/li>\n<li>Educaci\u00f3n Vocal.<\/li>\n<li>Coro.<\/li>\n<li>Ensambles de Rock J\u00f3venes.<\/li>\n<li>Ensamble de Rock Ni\u00f1os.<\/li>\n<li>Ensamble de Saxos<\/li>\n<li>Taller de percusi\u00f3n.<\/li>\n<li>Taller de Candombe.<\/li>\n<li>Taller construcci\u00f3n de instrumentos.<\/li>\n<\/ul>\n<p>&nbsp;<\/p>\n<p><strong>ESCUELA DE ARTES PL\u00c1STICAS \u201c LEOPOLDO BOCCAZZI\u201d<\/strong>.\u00a0Horario de inscripci\u00f3n: Lunes, mi\u00e9rcoles y viernes de 16 a 18 hs \u2013 San Mart\u00edn y Pourtal\u00e9.<\/p>\n<p>&nbsp;<\/p>\n<ul>\n<li>Grabado (adolescentes y adultos)<\/li>\n<li>Escultura (adolescentes y adultos)<\/li>\n<li>Educaci\u00f3n Pl\u00e1stica Infantil ( 7 a 12 a\u00f1os)<\/li>\n<li>Pintura (adolescentes y adultos)<\/li>\n<li>Dibujo (adolescentes y adultos)<\/li>\n<\/ul>\n<p>&nbsp;<\/p>\n<p><strong>ESCUELA DE ORFEBRER\u00cdA Y ARTESAN\u00cdAS TRADICIONALES \u201c MTRO ARMANDO FERREYRA\u201d.<\/strong>\u00a0Horario de inscripci\u00f3n: De lunes a viernes de 17 a 20hs \u2013 Bol\u00edvar 3332<\/p>\n<p>&nbsp;<\/p>\n<ul>\n<li>Tallado de Madera<\/li>\n<li>Tejido e Hilado<\/li>\n<li>Marroquiner\u00eda<\/li>\n<li>Cincelado<\/li>\n<li>Dibujo<\/li>\n<li>Orfebrer\u00eda.<\/li>\n<\/ul>\n<p>&nbsp;<\/p>\n<p><strong>ESCUELA MUNICIPAL DE AJEDREZ.<\/strong>\u00a0Horarios de inscripci\u00f3n Casa de la Cultura de 9 a 12 hs- Cnel Su\u00e1rez 2924- Tel 426043-427180.<\/p>\n<p>&nbsp;<\/p>\n<p><strong>ESCUELA MUNICIPAL DE TEATRO<\/strong>.\u00a0Horario de inscripci\u00f3n : Martes y Mi\u00e9rcoles de 18 a 20 hs en el Teatro Municipal \u2013 Tel 431607<\/p>\n<p>&nbsp;<\/p>\n<ul>\n<li>Taller infantil<\/li>\n<li>Grupo iniciaci\u00f3n J\u00f3venes y Adultos,<\/li>\n<li>Grupo avanzado<\/li>\n<\/ul>\n<p>&nbsp;<\/p>\n<p><strong>ESCUELA MUNICIPAL DE CER\u00c1MICA \u201c CARLOS V. PORTARRIEU\u201d.<\/strong>\u00a0Horario de inscripci\u00f3n: los d\u00edas 16, 17, 18 , 23 y 25 de marzo de 16 a 18,30 hs- Necochea 3328<\/p>\n<p>&nbsp;<\/p>\n<p><strong>ESCUELA LITERARIA MUNICIPAL ALFONSINA.<\/strong>\u00a0Horarios de inscripci\u00f3n por taller:<\/p>\n<p>&nbsp;<\/p>\n<ul>\n<li>Taller de Narrativa. Lunes y martes 16,30 a 18,30. Biblioteca Eseverri \u2013 \u00a0Balcarce 3620<\/li>\n<li>Taller \u201cEl valor de la palabra\u201d. 17hs biblioteca Eseverri \u2013\u00a0Balcarce 3620<\/li>\n<li>Taller de Narrativa. Lunes y mi\u00e9rcoles. 15 a 17 hs. Biblioteca Coty Laborde \u2013 \u00a0Cnel. Su\u00e1rez 1795<\/li>\n<li>Narrativa. Lunes 15 a 17. Sierras Bayas.\u00a0Martes 15 a 17. Loma negra<\/li>\n<li>Taller de Poes\u00eda. Mi\u00e9rcoles 17a19 biblioteca Crucero Gral Belgrano.\u00a0Jueves 17 a 19 en biblioteca Coty Laborde \u2013 \u00a0Cnel. Su\u00e1rez 1795<\/li>\n<li>Taller Literario para ni\u00f1os. Lunes 17 hs\u00a0 Museo Colonia San Miguel.\u00a0Viernes 14 hs Museo Colonia San Miguel<\/li>\n<li>Taller Literario para ni\u00f1os. Martes 17 hs, mi\u00e9rcoles 10 hs. Biblioteca Helios Eseverri Balcarce 3620. Martes 10hs, viernes 17 hs. Biblioteca coty Laborde \u2013 Cnel. Su\u00e1rez 1795.<\/li>\n<\/ul>\n<p>&nbsp;<\/p>\n<p><strong>ESCUELA MUNICIPAL DE ART\u00cdSTICA INTEGRADA.\u00a0<\/strong>Horario de inscripci\u00f3n: Casa de La Cultura de 10 a 13 hs Tel : 426043 \u2013 427180<\/p>\n<p>&nbsp;<\/p>\n<ul>\n<li>Danza<\/li>\n<li>Teatro<\/li>\n<li>Artes Pl\u00e1sticas<\/li>\n<li>Tridimensional<\/li>\n<li>M\u00fasica<\/li>\n<\/ul>\n<p>&nbsp;<\/p>\n<p><strong>ESCUELA MUNICIPAL DE DANZA.<\/strong>\u00a0Casa de la Cultura de Lunes a Viernes de 17 a 19 hs Tel 426043- 427180.<\/p>\n<p>&nbsp;<\/p>\n<ul>\n<li>Alem\u00e1n: Colonia Hinojo \/ Hinojo \/ Colonia San Miguel<\/li>\n<li>Arabe: Centro Jubilados 9 de julio \/ Colonia san Miguel<\/li>\n<\/ul>\n<p>&nbsp;<\/p>\n<p>Casa Del Bicentenario:<\/p>\n<ul>\n<li>\u00c1rabe: Ni\u00f1as \/ Adolescentes \/ Adultas \/Ballet<\/li>\n<li>Flamenco<\/li>\n<li>Ritmos Urbanos<\/li>\n<li>Cl\u00e1sico: Ni\u00f1os \/ Intermedio \/Adultos<\/li>\n<li>Yoga Kundalidni<\/li>\n<li>Zumba<\/li>\n<li>Tango: Ni\u00f1os \/ Adultos<\/li>\n<li>Folklore ni\u00f1os<\/li>\n<li>Folklore adultos<\/li>\n<\/ul>\n<p>&nbsp;<\/p>\n<p><strong>CENTRO CULTURAL HINOJO \u201cDORA RODR\u00cdGUEZ\u201d.\u00a0Inscripciones al cel 2284575080 (solo whatsapp)<\/strong>:<\/p>\n<p>&nbsp;<\/p>\n<ul>\n<li>Tallado de madera<\/li>\n<li>Yoga<\/li>\n<li>Pl\u00e1stica<\/li>\n<li>\u00c1rabe<\/li>\n<li>Canto<\/li>\n<li>Bater\u00eda<\/li>\n<li>Viol\u00edn<\/li>\n<li>Folclore<\/li>\n<\/ul>\n<p>&nbsp;<\/p>\n<p><strong>CENTRO CULTURAL SIERRAS BAYAS.<\/strong>\u00a0Inscripci\u00f3n Delegaci\u00f3n Sierras Bayas (San Mart\u00edn 1696) de 9 a 12 hs Tel 492128<\/p>\n<p>&nbsp;<\/p>\n<ul>\n<li>Danzas:\u00a0\u00c1rabe,\u00a0Adultas,\u00a0Ni\u00f1as,\u00a0Folklore.<\/li>\n<li>Pl\u00e1stica<\/li>\n<li>M\u00fasica<\/li>\n<\/ul>\n<p>&nbsp;<\/p>\n<p><strong>ESCUELA MUNICIPAL DE CER\u00c1MICA DE SIERRAS BAYAS.<\/strong>\u00a0Horario de inscripci\u00f3n: Lunes: 14 de 16:30 horas y de 17,30 a 19hs \u2013 Alsina entre Av Roca y Alte Brown<\/p>\n<p>&nbsp;<\/p>\n<p><strong>ESCUELA MUNICIPAL DE TEATRO DE SIERRAS BAYAS.\u00a0<\/strong>Inscripci\u00f3n Delegaci\u00f3n Sierras Bayas (San Mart\u00edn 1696) de 9 a 12 hs Tel 492128.<\/p>\n<ul>\n<li>Adolescentes y adultos.<\/li>\n<\/ul>\n<p>&nbsp;<\/p>\n<p><strong>ESCUELA MUNICIPAL DE ARTES PLASTICAS SIERRAS BAYAS.\u00a0<\/strong>Horario de inscripci\u00f3n: lunes a viernes de 17 a 20 hs- Urquiza 1746 S. Bayas.<\/p>\n<p>&nbsp;<\/p>\n<ul>\n<li>Taller Infantil (Taller de pintura, objetos, acciones e investigaciones art\u00edsticas)<\/li>\n<li>Taller de Adultos\u00a0(Taller de pintura, objetos, acciones e investigaciones art\u00edsticas)<\/li>\n<\/ul>\n<p>&nbsp;<\/p>\n<p>Por informes e inscripci\u00f3n comunicarse a la\u00a0Casa de la Cultura de 9 a 12 hs- Cnel Su\u00e1rez 2924- Tel 426043-427180<\/p>\n<p>&nbsp;<\/p>\n","protected":false},"excerpt":{"rendered":"<p>Hasta el 25 de marzo podr\u00e1n anotarse los interesados. La Subsecretar\u00eda de Cultura y Educaci\u00f3n detall\u00f3 todos los cursos disponibles.<\/p>\n","protected":false},"author":4,"featured_media":15318,"comment_status":"closed","ping_status":"closed","sticky":false,"template":"","format":"standard","meta":{"_jetpack_memberships_contains_paid_content":false,"footnotes":""},"categories":[9,1],"tags":[],"class_list":["post-48847","post","type-post","status-publish","format-standard","has-post-thumbnail","hentry","category-cultura","category-portada"],"jetpack_featured_media_url":"https:\/\/i0.wp.com\/cdnoticias.com\/wp-content\/uploads\/2021\/03\/Cultura-Escuelas-Artisticas-1024x682.jpg?fit=1024%2C682&ssl=1","jetpack_sharing_enabled":true,"_links":{"self":[{"href":"https:\/\/cdnoticias.com\/index.php\/wp-json\/wp\/v2\/posts\/48847","targetHints":{"allow":["GET"]}}],"collection":[{"href":"https:\/\/cdnoticias.com\/index.php\/wp-json\/wp\/v2\/posts"}],"about":[{"href":"https:\/\/cdnoticias.com\/index.php\/wp-json\/wp\/v2\/types\/post"}],"author":[{"embeddable":true,"href":"https:\/\/cdnoticias.com\/index.php\/wp-json\/wp\/v2\/users\/4"}],"replies":[{"embeddable":true,"href":"https:\/\/cdnoticias.com\/index.php\/wp-json\/wp\/v2\/comments?post=48847"}],"version-history":[{"count":0,"href":"https:\/\/cdnoticias.com\/index.php\/wp-json\/wp\/v2\/posts\/48847\/revisions"}],"wp:featuredmedia":[{"embeddable":true,"href":"https:\/\/cdnoticias.com\/index.php\/wp-json\/wp\/v2\/media\/15318"}],"wp:attachment":[{"href":"https:\/\/cdnoticias.com\/index.php\/wp-json\/wp\/v2\/media?parent=48847"}],"wp:term":[{"taxonomy":"category","embeddable":true,"href":"https:\/\/cdnoticias.com\/index.php\/wp-json\/wp\/v2\/categories?post=48847"},{"taxonomy":"post_tag","embeddable":true,"href":"https:\/\/cdnoticias.com\/index.php\/wp-json\/wp\/v2\/tags?post=48847"}],"curies":[{"name":"wp","href":"https:\/\/api.w.org\/{rel}","templated":true}]}}