{"id":4876,"date":"2020-10-26T08:38:54","date_gmt":"2020-10-26T11:38:54","guid":{"rendered":"http:\/\/www.centraldenoticias.com.ar\/?p=4876"},"modified":"2020-10-26T08:38:54","modified_gmt":"2020-10-26T11:38:54","slug":"la-ajb-anuncia-el-paro-luego-de-rechazar-la-oferta-salarial","status":"publish","type":"post","link":"https:\/\/cdnoticias.com\/index.php\/2020\/10\/26\/la-ajb-anuncia-el-paro-luego-de-rechazar-la-oferta-salarial\/","title":{"rendered":"La AJB anuncia el paro luego de rechazar la oferta salarial"},"content":{"rendered":"<p>La AJB rechaz\u00f3 la oferta realizada por el Ejecutivo provincial por considerarla \u201cpr\u00e1cticamente id\u00e9ntica\u201d a la propuesta anterior y convoc\u00f3 a un paro total para este martes.<!--more--><\/p>\n<hr \/>\n<p><strong>La Asociaci\u00f3n Judicial Bonaerense (AJB) rechaz\u00f3 en la mesa de negociaci\u00f3n la propuesta realizada por el gobierno de Axel Kicillof por considerar que no tiene cambios sustanciales respecto de la oferta rechazada el pasado 13 de octubre y convoc\u00f3 a un paro total de actividades el martes 27<\/strong>.<\/p>\n<p>\u201cLa oferta del Ejecutivo provincial consisti\u00f3 en adicionar a los salarios de diciembre de 2019, un 12% a partir del 1 de septiembre y un 2% a partir del 1 de octubre, lo que sumado al 9% acordado en marzo, <strong>representan incrementos anuales acumulados del 21% y 23%<\/strong> respectivamente. Adem\u00e1s, la propuesta contempla la reapertura de la negociaci\u00f3n en el mes de diciembre de 2020\u201d se detall\u00f3 en un comunicado del sindicato este lunes.<\/p>\n<p>\u201cLas y los representantes del gobierno llegan a la mesa de negociaci\u00f3n con una oferta casi id\u00e9ntica a la que ya fuera rechazada en la reuni\u00f3n anterior y sin fijar fecha para darle continuidad a la negociaci\u00f3n salarial. Ante este escenario, <strong>decidimos fijar una nueva fecha para la medida de fuerza<\/strong> que hab\u00eda sido suspendida ante la convocatoria del gobierno, y que hab\u00eda quedado supeditada al resultado de esta reuni\u00f3n\u201d, se\u00f1al\u00f3 Pablo Abramovich, secretario General de la AJB.<\/p>\n<blockquote><p>Agreg\u00f3 que \u201cen esa l\u00ednea, el martes 27 las y los trabajadores judiciales que se encuentren trabajando de manera presencial no concurrir\u00e1n a sus lugares de trabajo, mientras que las y los compa\u00f1eros que se encuentran realizando sus tareas de manera remota, no se conectar\u00e1n al sistema\u201d.<\/p><\/blockquote>\n<p>Desde el sindicato explicaron que si bien el incremento al mes de septiembre tuvo una variaci\u00f3n del 2%, el incremento anual llega un 23% total, igual al de la oferta anterior. Se consider\u00f3 que <strong>\u201cesta propuesta no solo no equipara la inflaci\u00f3n, sino que tambi\u00e9n incrementa la brecha entre el aumento ofrecido y la inflaci\u00f3n proyectada para los \u00faltimos meses del a\u00f1o\u201d<\/strong>.<\/p>\n<p>Por \u00faltimo la conducci\u00f3n provincial dispuso la realizaci\u00f3n de <strong>asambleas en los 19 departamentos judiciales los d\u00edas mi\u00e9rcoles y jueves de la semana pr\u00f3xima<\/strong>, a fin de debatir y decidir colectivamente los pasos a seguir.<\/p>\n<p>\u201cSin una oferta que permita recuperar el poder adquisitivo del salario perdido en el segundo y tercer trimestre del 2020 y la equiparaci\u00f3n de la evoluci\u00f3n de la inflaci\u00f3n, el gobierno elige transitar un camino de conflicto con las y los trabajadores judiciales\u201d, finaliz\u00f3 el secretario General de la AJB.<\/p>\n","protected":false},"excerpt":{"rendered":"<p>La AJB rechaz\u00f3 la oferta realizada por el Ejecutivo provincial por considerarla \u201cpr\u00e1cticamente id\u00e9ntica\u201d a la propuesta anterior y convoc\u00f3<\/p>\n","protected":false},"author":4,"featured_media":3311,"comment_status":"closed","ping_status":"closed","sticky":false,"template":"","format":"standard","meta":{"_jetpack_memberships_contains_paid_content":false,"footnotes":""},"categories":[5,1],"tags":[],"class_list":["post-4876","post","type-post","status-publish","format-standard","has-post-thumbnail","hentry","category-informacion-general","category-portada"],"jetpack_featured_media_url":"https:\/\/i0.wp.com\/cdnoticias.com\/wp-content\/uploads\/2020\/10\/ajb.jpg?fit=880%2C493&ssl=1","jetpack_sharing_enabled":true,"_links":{"self":[{"href":"https:\/\/cdnoticias.com\/index.php\/wp-json\/wp\/v2\/posts\/4876","targetHints":{"allow":["GET"]}}],"collection":[{"href":"https:\/\/cdnoticias.com\/index.php\/wp-json\/wp\/v2\/posts"}],"about":[{"href":"https:\/\/cdnoticias.com\/index.php\/wp-json\/wp\/v2\/types\/post"}],"author":[{"embeddable":true,"href":"https:\/\/cdnoticias.com\/index.php\/wp-json\/wp\/v2\/users\/4"}],"replies":[{"embeddable":true,"href":"https:\/\/cdnoticias.com\/index.php\/wp-json\/wp\/v2\/comments?post=4876"}],"version-history":[{"count":0,"href":"https:\/\/cdnoticias.com\/index.php\/wp-json\/wp\/v2\/posts\/4876\/revisions"}],"wp:featuredmedia":[{"embeddable":true,"href":"https:\/\/cdnoticias.com\/index.php\/wp-json\/wp\/v2\/media\/3311"}],"wp:attachment":[{"href":"https:\/\/cdnoticias.com\/index.php\/wp-json\/wp\/v2\/media?parent=4876"}],"wp:term":[{"taxonomy":"category","embeddable":true,"href":"https:\/\/cdnoticias.com\/index.php\/wp-json\/wp\/v2\/categories?post=4876"},{"taxonomy":"post_tag","embeddable":true,"href":"https:\/\/cdnoticias.com\/index.php\/wp-json\/wp\/v2\/tags?post=4876"}],"curies":[{"name":"wp","href":"https:\/\/api.w.org\/{rel}","templated":true}]}}