{"id":48752,"date":"2022-03-11T12:35:12","date_gmt":"2022-03-11T15:35:12","guid":{"rendered":"https:\/\/www.centraldenoticias.com.ar\/?p=48752"},"modified":"2022-03-11T15:52:58","modified_gmt":"2022-03-11T18:52:58","slug":"la-feria-del-mte-se-mueve-al-parque-eva-peron","status":"publish","type":"post","link":"https:\/\/cdnoticias.com\/index.php\/2022\/03\/11\/la-feria-del-mte-se-mueve-al-parque-eva-peron\/","title":{"rendered":"La feria del MTE se mueve al Parque Eva Per\u00f3n"},"content":{"rendered":"<p>La Municipalidad tambi\u00e9n emiti\u00f3 un comunicado en referencia al acuerdo logrado con los feriantes. Los puntos destacados sobro los d\u00edas y horarios, espacio de funcionamiento y m\u00fasica.<!--more--><\/p>\n<hr \/>\n<p><strong>\u201cEl MTE firm\u00f3 un compromiso para realizar la feria en el Parque Eva Per\u00f3n\u201d inform\u00f3 la Municipalidad<\/strong> en torno al <a href=\"https:\/\/cdnoticias.com\/index.php\/2022\/03\/11\/el-municipio-habilito-al-mte-a-feriar-en-el-parque-eva-peron\/\" target=\"_blank\" rel=\"noopener\">acuerdo alcanzado con el Movimiento de Trabajadores Excluidos (MTE)<\/a>, representado por Emiliano Llorente y Luj\u00e1n Galv\u00e1n, en la ma\u00f1ana de este viernes.\u00a0Se indic\u00f3 que <strong>\u201cse firm\u00f3 un compromiso a los fines de proceder a regular los d\u00edas, horarios y formas en que se podr\u00e1 celebrar la feria que organizan en el Parque Eva Per\u00f3n\u201d<\/strong>.<\/p>\n<p>&nbsp;<\/p>\n<blockquote><p>Seg\u00fan se destac\u00f3, las ferias \u00b7s\u00f3lo podr\u00e1n desarrollar sus actividades durante todos los s\u00e1bados y domingos de cada mes calendario desde las 16 horas y hasta las 20.30 horas en el sector peatonal delimitado entre las calles San Mart\u00edn y Dorrego, del Parque Eva Per\u00f3n\u201d.<\/p><\/blockquote>\n<p>&nbsp;<\/p>\n<p>En ese marco, se estableci\u00f3 que <strong>\u201cla m\u00fasica en vivo o mediante audio<\/strong> podr\u00e1 ser s\u00f3lo en aquella feria celebrada durante el d\u00eda s\u00e1bado, y siempre que no contravenga las disposiciones mencionadas en la Ordenanza N\u00ba3918\/16 de prevenci\u00f3n, control y contaminaci\u00f3n ac\u00fastica en el partido de Olavarr\u00eda\u201d.<\/p>\n<p>&nbsp;<\/p>\n<p>En cuanto al <strong>expendio y venta de alimentos y bebidas<\/strong>, la venta de los mismos se har\u00e1 conforme normativas municipales, bajo apercibimiento de lo dispuesto en la Ordenanza 195\/84. Asimismo, deber\u00e1 evitarse la contaminaci\u00f3n f\u00edsica, qu\u00edmica y\/o biol\u00f3gica de los alimentos y\/o materias primas, para lo cual se aplicar\u00e1n medidas eficaces para prevenir la contaminaci\u00f3n del alimento por contacto directo, indirecto o cruzado con material contaminado tales como: evitar el contacto directo de los alimentos crudos con los alimentos cocidos listos para el consumo; no utilizar los mismos utensilios para manipular alimentos crudos y cocidos; lavarse cuidadosamente las manos luego de manipular alimentos crudos y previo a la manipulaci\u00f3n de alimentos ya procesados o cocidos. <strong>Est\u00e1 prohibida la venta o expendio de bebidas alcoh\u00f3licas.<\/strong><\/p>\n<p>&nbsp;<\/p>\n<p>\u201cLos feriantes <strong>deber\u00e1n conservar y mantener en buen estado el predio ocupado<\/strong>, as\u00ed como realizar la limpieza del espacio una vez finalizada las actividades llevadas a cabo en la feria\u201d se fij\u00f3 tambi\u00e9n en el acuerdo.<\/p>\n<p>&nbsp;<\/p>\n<p>Ante el <strong>incumplimiento de las obligaciones<\/strong> de los feriantes, las conductas ser\u00e1n pasibles de las sanciones dispuestas en la Ordenanza Municipal N\u00ba158\/84, N\u00ba 195\/84 y normativas concordantes.<\/p>\n<p>&nbsp;<\/p>\n<p>Finalmente, para el caso en que el Municipio necesite la utilizaci\u00f3n del predio durante los d\u00edas y horarios acordados<strong> los feriantes deber\u00e1n suspender sus actividades<\/strong>, hasta tanto finalicen aquellas organizadas por el Municipio.<\/p>\n","protected":false},"excerpt":{"rendered":"<p>La Municipalidad tambi\u00e9n emiti\u00f3 un comunicado en referencia al acuerdo logrado con los feriantes. Los puntos destacados sobro los d\u00edas<\/p>\n","protected":false},"author":4,"featured_media":48753,"comment_status":"closed","ping_status":"closed","sticky":false,"template":"","format":"standard","meta":{"_jetpack_memberships_contains_paid_content":false,"footnotes":""},"categories":[5,1],"tags":[],"class_list":["post-48752","post","type-post","status-publish","format-standard","has-post-thumbnail","hentry","category-informacion-general","category-portada"],"jetpack_featured_media_url":"https:\/\/i0.wp.com\/cdnoticias.com\/wp-content\/uploads\/2022\/03\/Parque-Eva-Peron-1024x682-1.jpg?fit=1024%2C682&ssl=1","jetpack_sharing_enabled":true,"_links":{"self":[{"href":"https:\/\/cdnoticias.com\/index.php\/wp-json\/wp\/v2\/posts\/48752","targetHints":{"allow":["GET"]}}],"collection":[{"href":"https:\/\/cdnoticias.com\/index.php\/wp-json\/wp\/v2\/posts"}],"about":[{"href":"https:\/\/cdnoticias.com\/index.php\/wp-json\/wp\/v2\/types\/post"}],"author":[{"embeddable":true,"href":"https:\/\/cdnoticias.com\/index.php\/wp-json\/wp\/v2\/users\/4"}],"replies":[{"embeddable":true,"href":"https:\/\/cdnoticias.com\/index.php\/wp-json\/wp\/v2\/comments?post=48752"}],"version-history":[{"count":0,"href":"https:\/\/cdnoticias.com\/index.php\/wp-json\/wp\/v2\/posts\/48752\/revisions"}],"wp:featuredmedia":[{"embeddable":true,"href":"https:\/\/cdnoticias.com\/index.php\/wp-json\/wp\/v2\/media\/48753"}],"wp:attachment":[{"href":"https:\/\/cdnoticias.com\/index.php\/wp-json\/wp\/v2\/media?parent=48752"}],"wp:term":[{"taxonomy":"category","embeddable":true,"href":"https:\/\/cdnoticias.com\/index.php\/wp-json\/wp\/v2\/categories?post=48752"},{"taxonomy":"post_tag","embeddable":true,"href":"https:\/\/cdnoticias.com\/index.php\/wp-json\/wp\/v2\/tags?post=48752"}],"curies":[{"name":"wp","href":"https:\/\/api.w.org\/{rel}","templated":true}]}}