{"id":48742,"date":"2022-03-11T11:55:33","date_gmt":"2022-03-11T14:55:33","guid":{"rendered":"https:\/\/www.centraldenoticias.com.ar\/?p=48742"},"modified":"2022-03-11T12:35:26","modified_gmt":"2022-03-11T15:35:26","slug":"el-municipio-habilito-al-mte-a-feriar-en-el-parque-eva-peron","status":"publish","type":"post","link":"https:\/\/cdnoticias.com\/index.php\/2022\/03\/11\/el-municipio-habilito-al-mte-a-feriar-en-el-parque-eva-peron\/","title":{"rendered":"El Municipio habilit\u00f3 al MTE a feriar en el Parque Eva Per\u00f3n"},"content":{"rendered":"<p>As\u00ed fue confirmado por la agrupaci\u00f3n este viernes. Adem\u00e1s, informaron que quitaron las multas de los feriantes sancionados en noviembre pasado. <!--more--><\/p>\n<hr \/>\n<p>Bajo un comunicado que indicaba <em>\u201cluchar sirve, ganamos en la calle\u201d<\/em> <strong>el MTE confirm\u00f3 que lleg\u00f3 a un acuerdo con el Municipio y firmaron un convenio que habilita la feria de la Econom\u00eda Popular en el Parque &#8220;Eva Per\u00f3n&#8221;.<\/strong><\/p>\n<p>&nbsp;<\/p>\n<blockquote><p><em>\u201cLuego de la <a href=\"https:\/\/cdnoticias.com\/index.php\/2022\/01\/17\/el-mte-se-movilizo-en-el-juzgado-de-faltas-y-traslado-el-reclamo-al-municipio\/\" target=\"_blank\" rel=\"noopener\">movilizaci\u00f3n que realizamos el 17 de enero en la municipalidad de Olavarr\u00eda<\/a>, no solo logramos que se les quiten las multas realizadas a las compa\u00f1eras por laburar, tambi\u00e9n firmamos un convenio para la habilitaci\u00f3n de la Feria de la Econom\u00eda Popular de nuestra rama Espacios p\u00fablicos que funciona los fines de semana en el Cors\u00f3dromo Municipal\u201d.<\/em><\/p><\/blockquote>\n<p>&nbsp;<\/p>\n<p>Adem\u00e1s, el Municipio<strong><em> \u201cse comprometi\u00f3 a garantizar ba\u00f1os, difusi\u00f3n y cursos de manipulaci\u00f3n de alimentos\u201d.<\/em><\/strong> Estas medidas tomadas por la comuna<em> \u201cmejoran much\u00edsimo las condiciones de nuestro trabajo\u201d<\/em> se\u00f1alaron desde el MTE.<\/p>\n<p>&nbsp;<\/p>\n<p><img data-recalc-dims=\"1\" loading=\"lazy\" decoding=\"async\" class=\"alignnone size-full wp-image-48743\" src=\"https:\/\/i0.wp.com\/cdnoticias.com\/wp-content\/uploads\/2022\/03\/274787918_2061552080670888_1960513343579534125_n.jpg?resize=800%2C528&#038;ssl=1\" alt=\"\" width=\"800\" height=\"528\" srcset=\"https:\/\/i0.wp.com\/cdnoticias.com\/wp-content\/uploads\/2022\/03\/274787918_2061552080670888_1960513343579534125_n.jpg?w=822&amp;ssl=1 822w, https:\/\/i0.wp.com\/cdnoticias.com\/wp-content\/uploads\/2022\/03\/274787918_2061552080670888_1960513343579534125_n.jpg?resize=300%2C198&amp;ssl=1 300w, https:\/\/i0.wp.com\/cdnoticias.com\/wp-content\/uploads\/2022\/03\/274787918_2061552080670888_1960513343579534125_n.jpg?resize=768%2C507&amp;ssl=1 768w\" sizes=\"auto, (max-width: 800px) 100vw, 800px\" \/><\/p>\n<p>&nbsp;<\/p>\n<p><em>\u201c<strong>Hoy es un d\u00eda de festejo.<\/strong> Estamos convencidos de que el camino es a trav\u00e9s de la organizaci\u00f3n colectiva, luchando por nuestros derechos, mejorando nuestro trabajo y as\u00ed, nuestra vida\u201d<\/em> cerraron tras su frase de cabecera \u201cpor un mundo sin esclavo, ni excluidos. Trabajar en la calle no es delito\u201d.<\/p>\n<p>&nbsp;<\/p>\n<p>Recordemos que este acuerdo llega <strong>tras varios cruces y acusaciones de \u201cilegalidad\u201d por el funcionamiento de una Feria Popular en el Cors\u00f3dromo \u201csin autorizaci\u00f3n\u201d.<\/strong> Incluso, feriantes hab\u00edan sido multados por personal de Control Urbano y deriv\u00f3 en una <a href=\"https:\/\/cdnoticias.com\/index.php\/2022\/01\/17\/movilizacion-el-municipio-se-comprometio-a-rever-la-situacion-de-los-feriantes-del-mte\/\" target=\"_blank\" rel=\"noopener\">importante movilizaci\u00f3n durante el mes de enero<\/a>, que gener\u00f3 un primer acercamiento entre Municipio y MTE y, finalmente, se cerr\u00f3 con un acuerdo.<\/p>\n","protected":false},"excerpt":{"rendered":"<p>As\u00ed fue confirmado por la agrupaci\u00f3n este viernes. Adem\u00e1s, informaron que quitaron las multas de los feriantes sancionados en noviembre<\/p>\n","protected":false},"author":2,"featured_media":35179,"comment_status":"closed","ping_status":"closed","sticky":false,"template":"","format":"standard","meta":{"_jetpack_memberships_contains_paid_content":false,"footnotes":""},"categories":[5,1],"tags":[],"class_list":["post-48742","post","type-post","status-publish","format-standard","has-post-thumbnail","hentry","category-informacion-general","category-portada"],"jetpack_featured_media_url":"https:\/\/i0.wp.com\/cdnoticias.com\/wp-content\/uploads\/2021\/10\/mte-feria.jpg?fit=1440%2C953&ssl=1","jetpack_sharing_enabled":true,"_links":{"self":[{"href":"https:\/\/cdnoticias.com\/index.php\/wp-json\/wp\/v2\/posts\/48742","targetHints":{"allow":["GET"]}}],"collection":[{"href":"https:\/\/cdnoticias.com\/index.php\/wp-json\/wp\/v2\/posts"}],"about":[{"href":"https:\/\/cdnoticias.com\/index.php\/wp-json\/wp\/v2\/types\/post"}],"author":[{"embeddable":true,"href":"https:\/\/cdnoticias.com\/index.php\/wp-json\/wp\/v2\/users\/2"}],"replies":[{"embeddable":true,"href":"https:\/\/cdnoticias.com\/index.php\/wp-json\/wp\/v2\/comments?post=48742"}],"version-history":[{"count":0,"href":"https:\/\/cdnoticias.com\/index.php\/wp-json\/wp\/v2\/posts\/48742\/revisions"}],"wp:featuredmedia":[{"embeddable":true,"href":"https:\/\/cdnoticias.com\/index.php\/wp-json\/wp\/v2\/media\/35179"}],"wp:attachment":[{"href":"https:\/\/cdnoticias.com\/index.php\/wp-json\/wp\/v2\/media?parent=48742"}],"wp:term":[{"taxonomy":"category","embeddable":true,"href":"https:\/\/cdnoticias.com\/index.php\/wp-json\/wp\/v2\/categories?post=48742"},{"taxonomy":"post_tag","embeddable":true,"href":"https:\/\/cdnoticias.com\/index.php\/wp-json\/wp\/v2\/tags?post=48742"}],"curies":[{"name":"wp","href":"https:\/\/api.w.org\/{rel}","templated":true}]}}