{"id":48740,"date":"2022-03-11T11:40:48","date_gmt":"2022-03-11T14:40:48","guid":{"rendered":"https:\/\/www.centraldenoticias.com.ar\/?p=48740"},"modified":"2022-03-11T11:40:48","modified_gmt":"2022-03-11T14:40:48","slug":"gaston-seambelar-renuncio-como-jefe-de-pediatria","status":"publish","type":"post","link":"https:\/\/cdnoticias.com\/index.php\/2022\/03\/11\/gaston-seambelar-renuncio-como-jefe-de-pediatria\/","title":{"rendered":"Gast\u00f3n Seambelar renunci\u00f3 como Jefe de Pediatr\u00eda"},"content":{"rendered":"<p>La noticia la dio a conocer el propio m\u00e9dico en sus redes sociales. \u201cFueron a\u00f1os intensos, siendo el \u00fanico servicio del Partido con guardia e internaci\u00f3n\u201d dijo. <!--more--><\/p>\n<hr \/>\n<p><strong><em>\u201cDespu\u00e9s de 4 a\u00f1os he dejado la Jefatura de Pediatr\u00eda\u201d<\/em><\/strong> comienza el peque\u00f1o posteo del doctor Gast\u00f3n Seambelar que confirma su renuncia al cargo en la jornada de este viernes.<\/p>\n<p>&nbsp;<\/p>\n<blockquote><p>Catalog\u00f3 su gesti\u00f3n en el \u00e1rea como <em>\u201cde a\u00f1os intensos, siendo el \u00fanico servicio del partido con guardia e internaci\u00f3n pedi\u00e1trica, atravesado por una experiencia \u00fanica como fue la pandemia\u201d.<\/em><\/p><\/blockquote>\n<p>&nbsp;<\/p>\n<p>Si bien no dio las razones de su salida, se tom\u00f3 unos minutos para agradecer <em>\u201ca Dios por su compa\u00f1\u00eda permanente, al maravilloso equipo de Pediatr\u00eda (medicas, enfermeras, secretarias, personal de limpieza, equipo de Condici\u00f3n del espectro autista), al Dr Germ\u00e1n Caputo por su apoyo incondicional, al Intendente Ezequiel Galli por acceder a cada solicitud, especialmente en la pandemia\u201d.<\/em><\/p>\n<p>&nbsp;<\/p>\n<p><img data-recalc-dims=\"1\" loading=\"lazy\" decoding=\"async\" class=\"alignnone size-large wp-image-3957\" src=\"https:\/\/i0.wp.com\/cdnoticias.com\/wp-content\/uploads\/2020\/10\/Salud-pediatr%C3%ADa-1024x580-1024x580.jpeg?resize=800%2C453&#038;ssl=1\" alt=\"\" width=\"800\" height=\"453\" srcset=\"https:\/\/i0.wp.com\/cdnoticias.com\/wp-content\/uploads\/2020\/10\/Salud-pediatr%C3%ADa-1024x580.jpeg?resize=1024%2C580&amp;ssl=1 1024w, https:\/\/i0.wp.com\/cdnoticias.com\/wp-content\/uploads\/2020\/10\/Salud-pediatr%C3%ADa-1024x580.jpeg?resize=300%2C170&amp;ssl=1 300w, https:\/\/i0.wp.com\/cdnoticias.com\/wp-content\/uploads\/2020\/10\/Salud-pediatr%C3%ADa-1024x580.jpeg?resize=768%2C435&amp;ssl=1 768w\" sizes=\"auto, (max-width: 800px) 100vw, 800px\" \/><\/p>\n<p>&nbsp;<\/p>\n<p>Finalmente, el m\u00e9dico les dese\u00f3 a las nuevas jefas del \u00e1rea <em><strong>\u201cRosana Della Maggiora, Ercilia Castro y Virginia Buzeki el mayor de los \u00e9xitos\u201d<\/strong><\/em> y las catalog\u00f3 de<em> \u201cexcelentes m\u00e9dicas y mejores personas. Sin dudas dar\u00e1n lo mejor para seguir creciendo\u201d.<\/em><\/p>\n","protected":false},"excerpt":{"rendered":"<p>La noticia la dio a conocer el propio m\u00e9dico en sus redes sociales. \u201cFueron a\u00f1os intensos, siendo el \u00fanico servicio<\/p>\n","protected":false},"author":2,"featured_media":25954,"comment_status":"closed","ping_status":"closed","sticky":false,"template":"","format":"standard","meta":{"_jetpack_memberships_contains_paid_content":false,"footnotes":""},"categories":[5,1],"tags":[],"class_list":["post-48740","post","type-post","status-publish","format-standard","has-post-thumbnail","hentry","category-informacion-general","category-portada"],"jetpack_featured_media_url":"https:\/\/i0.wp.com\/cdnoticias.com\/wp-content\/uploads\/2021\/07\/Salud-Visita-Pediatria-1-scaled.jpg?fit=2560%2C1711&ssl=1","jetpack_sharing_enabled":true,"_links":{"self":[{"href":"https:\/\/cdnoticias.com\/index.php\/wp-json\/wp\/v2\/posts\/48740","targetHints":{"allow":["GET"]}}],"collection":[{"href":"https:\/\/cdnoticias.com\/index.php\/wp-json\/wp\/v2\/posts"}],"about":[{"href":"https:\/\/cdnoticias.com\/index.php\/wp-json\/wp\/v2\/types\/post"}],"author":[{"embeddable":true,"href":"https:\/\/cdnoticias.com\/index.php\/wp-json\/wp\/v2\/users\/2"}],"replies":[{"embeddable":true,"href":"https:\/\/cdnoticias.com\/index.php\/wp-json\/wp\/v2\/comments?post=48740"}],"version-history":[{"count":0,"href":"https:\/\/cdnoticias.com\/index.php\/wp-json\/wp\/v2\/posts\/48740\/revisions"}],"wp:featuredmedia":[{"embeddable":true,"href":"https:\/\/cdnoticias.com\/index.php\/wp-json\/wp\/v2\/media\/25954"}],"wp:attachment":[{"href":"https:\/\/cdnoticias.com\/index.php\/wp-json\/wp\/v2\/media?parent=48740"}],"wp:term":[{"taxonomy":"category","embeddable":true,"href":"https:\/\/cdnoticias.com\/index.php\/wp-json\/wp\/v2\/categories?post=48740"},{"taxonomy":"post_tag","embeddable":true,"href":"https:\/\/cdnoticias.com\/index.php\/wp-json\/wp\/v2\/tags?post=48740"}],"curies":[{"name":"wp","href":"https:\/\/api.w.org\/{rel}","templated":true}]}}