{"id":48724,"date":"2022-03-11T08:39:20","date_gmt":"2022-03-11T11:39:20","guid":{"rendered":"https:\/\/www.centraldenoticias.com.ar\/?p=48724"},"modified":"2022-03-11T09:13:58","modified_gmt":"2022-03-11T12:13:58","slug":"por-amplia-mayoria-la-camara-de-diputados-aprobo-el-acuerdo-con-el-fmi","status":"publish","type":"post","link":"https:\/\/cdnoticias.com\/index.php\/2022\/03\/11\/por-amplia-mayoria-la-camara-de-diputados-aprobo-el-acuerdo-con-el-fmi\/","title":{"rendered":"Por amplia mayor\u00eda, la C\u00e1mara de Diputados aprob\u00f3 el acuerdo con el FMI"},"content":{"rendered":"<p>Juntos por el Cambio acompa\u00f1\u00f3 al oficialismo luego de los cambios que impuso al proyecto original. M\u00e1ximo Kirchner baj\u00f3 al recinto reci\u00e9n al final.<!--more--><\/p>\n<hr \/>\n<p><strong>La C\u00e1mara de Diputados aprob\u00f3 en la madrugada de este viernes el proyecto que avala el acuerdo con el FMI para la reestructuraci\u00f3n de la deuda que contrajo el ex presidente Mauricio Macri<\/strong>, tras m\u00e1s de trece horas de debate que terminaron con <strong>el voto positivo de 202 legisladores, contra 37 negativos y 13 abstenciones<\/strong>.<\/p>\n<p>&nbsp;<\/p>\n<p><strong>La mayor\u00eda de los votos positivos fueron aportados las bancadas de Juntos por el Cambio y del Frente de Todos<\/strong>, a los que sumaron los legisladores de los interbloques Federal, Provincias Unidas y Ser. <strong>Entre los negativos hubo votos del Frente de Todos, la izquierda y los llamados libertarios<\/strong>.<\/p>\n<p>&nbsp;<\/p>\n<p><img data-recalc-dims=\"1\" loading=\"lazy\" decoding=\"async\" class=\"alignnone size-full wp-image-23685\" src=\"https:\/\/i0.wp.com\/cdnoticias.com\/wp-content\/uploads\/2021\/06\/diputados-gas-maximo.jpg?resize=800%2C450&#038;ssl=1\" alt=\"\" width=\"800\" height=\"450\" srcset=\"https:\/\/i0.wp.com\/cdnoticias.com\/wp-content\/uploads\/2021\/06\/diputados-gas-maximo.jpg?w=1004&amp;ssl=1 1004w, https:\/\/i0.wp.com\/cdnoticias.com\/wp-content\/uploads\/2021\/06\/diputados-gas-maximo.jpg?resize=300%2C169&amp;ssl=1 300w, https:\/\/i0.wp.com\/cdnoticias.com\/wp-content\/uploads\/2021\/06\/diputados-gas-maximo.jpg?resize=768%2C432&amp;ssl=1 768w\" sizes=\"auto, (max-width: 800px) 100vw, 800px\" \/><\/p>\n<p>&nbsp;<\/p>\n<p><strong>La nota m\u00e1s llamativa la dio M\u00e1ximo Kirchner<\/strong>, quien si bien no dio qu\u00f3rum ni particip\u00f3 del debate, baj\u00f3 al recinto a la hora de votar para hacerlo en contra. Muchas de las abstenciones fueron de \u2018La C\u00e1mpora\u2019 y de movimientos sociales afines al kirchnerismo.<\/p>\n<p>&nbsp;<\/p>\n<p>El proyecto, que ahora ser\u00e1 girado para su sanci\u00f3n definitiva al Senado,<strong> fue debatido durante m\u00e1s de 13 horas, en una jornada en la que grupos de manifestantes generaron disturbios frente a la sede del Congreso.<\/strong> El edificio fue apedreado y sobre ello se expres\u00f3 la vicepresidenta de la Naci\u00f3n, Cristina Fern\u00e1ndez.<\/p>\n<p>&nbsp;<\/p>\n<p>Durante el debate, <strong>los oradores del oficialismo hicieron hincapi\u00e9 en la responsabilidad del expresidente Mauricio Macri<\/strong> por el endeudamiento e insistieron en que no habr\u00e1 reforma previsional ni laboral.<\/p>\n<p>&nbsp;<\/p>\n<blockquote class=\"twitter-tweet\">\n<p dir=\"ltr\" lang=\"es\">Otra vez\u2026 inmensa pena. <a href=\"https:\/\/t.co\/bFP7Znz0sy\">pic.twitter.com\/bFP7Znz0sy<\/a><\/p>\n<p>\u2014 Cristina Kirchner (@CFKArgentina) <a href=\"https:\/\/twitter.com\/CFKArgentina\/status\/1502222806058254336?ref_src=twsrc%5Etfw\">March 11, 2022<\/a><\/p><\/blockquote>\n<p><script async src=\"https:\/\/platform.twitter.com\/widgets.js\" charset=\"utf-8\"><\/script><\/p>\n<p>&nbsp;<\/p>\n<p><strong>La oposici\u00f3n, a su turno, se jact\u00f3 de haber evitado que junto a la reestructuraci\u00f3n se haya aprobado un anexo con medidas econ\u00f3micas<\/strong> a tomar para lograr los objetivos plateados al FMI y llam\u00f3 al Gobierno a asumir la responsabilidad de tomar las medidas de pol\u00edtica econ\u00f3mica.<\/p>\n<p>&nbsp;<\/p>\n<p>El <strong>dictamen hab\u00eda obtenido el respaldo de casi 80 firmas<\/strong> de integrantes de las comisiones de Presupuesto y Hacienda y de Finanzas, a partir de los avales del Frente de Todos (FdT), Juntos por el Cambio (JxC), el interbloque Federal y Provincias Unida.<\/p>\n<p>&nbsp;<\/p>\n<p>Fuente: <em>Agencia DIB<\/em><\/p>\n","protected":false},"excerpt":{"rendered":"<p>Juntos por el Cambio acompa\u00f1\u00f3 al oficialismo luego de los cambios que impuso al proyecto original. M\u00e1ximo Kirchner baj\u00f3 al<\/p>\n","protected":false},"author":4,"featured_media":48726,"comment_status":"closed","ping_status":"closed","sticky":false,"template":"","format":"standard","meta":{"_jetpack_memberships_contains_paid_content":false,"footnotes":""},"categories":[6,1],"tags":[],"class_list":["post-48724","post","type-post","status-publish","format-standard","has-post-thumbnail","hentry","category-nacionales","category-portada"],"jetpack_featured_media_url":"https:\/\/i0.wp.com\/cdnoticias.com\/wp-content\/uploads\/2022\/03\/diputados-FMI-1068x712-1.jpg?fit=1068%2C712&ssl=1","jetpack_sharing_enabled":true,"_links":{"self":[{"href":"https:\/\/cdnoticias.com\/index.php\/wp-json\/wp\/v2\/posts\/48724","targetHints":{"allow":["GET"]}}],"collection":[{"href":"https:\/\/cdnoticias.com\/index.php\/wp-json\/wp\/v2\/posts"}],"about":[{"href":"https:\/\/cdnoticias.com\/index.php\/wp-json\/wp\/v2\/types\/post"}],"author":[{"embeddable":true,"href":"https:\/\/cdnoticias.com\/index.php\/wp-json\/wp\/v2\/users\/4"}],"replies":[{"embeddable":true,"href":"https:\/\/cdnoticias.com\/index.php\/wp-json\/wp\/v2\/comments?post=48724"}],"version-history":[{"count":0,"href":"https:\/\/cdnoticias.com\/index.php\/wp-json\/wp\/v2\/posts\/48724\/revisions"}],"wp:featuredmedia":[{"embeddable":true,"href":"https:\/\/cdnoticias.com\/index.php\/wp-json\/wp\/v2\/media\/48726"}],"wp:attachment":[{"href":"https:\/\/cdnoticias.com\/index.php\/wp-json\/wp\/v2\/media?parent=48724"}],"wp:term":[{"taxonomy":"category","embeddable":true,"href":"https:\/\/cdnoticias.com\/index.php\/wp-json\/wp\/v2\/categories?post=48724"},{"taxonomy":"post_tag","embeddable":true,"href":"https:\/\/cdnoticias.com\/index.php\/wp-json\/wp\/v2\/tags?post=48724"}],"curies":[{"name":"wp","href":"https:\/\/api.w.org\/{rel}","templated":true}]}}