{"id":4871,"date":"2020-10-25T20:12:13","date_gmt":"2020-10-25T23:12:13","guid":{"rendered":"http:\/\/www.centraldenoticias.com.ar\/?p=4871"},"modified":"2020-10-25T20:12:29","modified_gmt":"2020-10-25T23:12:29","slug":"ceso-el-alerta-meteorologico-para-el-centro-bonaerense","status":"publish","type":"post","link":"https:\/\/cdnoticias.com\/index.php\/2020\/10\/25\/ceso-el-alerta-meteorologico-para-el-centro-bonaerense\/","title":{"rendered":"Ces\u00f3 el alerta meteorol\u00f3gico para el centro bonaerense"},"content":{"rendered":"<p>As\u00ed se detall\u00f3 en la tarde de este domingo desde el Servicio Meteorol\u00f3gico Nacional. Sigue vigente para otros puntos del pa\u00eds.<\/p>\n<p><!--more--><\/p>\n<hr \/>\n<p><a href=\"https:\/\/cdnoticias.com\/index.php\/2020\/10\/25\/rige-un-alerta-por-tormentas-fuertes-para-el-centro-bonaerense\/\" target=\"_blank\" rel=\"noopener\">Tal cual se hab\u00eda detallado m\u00e1s temprano<\/a>, en el mediod\u00eda de este domingo desde <strong>el Servicio Meteorol\u00f3gico Nacional se emiti\u00f3 una alerta por \u201ctormentas fuertes o severas\u201d que inclu\u00eda a varios puntos del pa\u00eds, entre ellos el centro bonaerense.<\/strong><\/p>\n<p>&nbsp;<\/p>\n<p>La comunicaci\u00f3n reg\u00eda hasta las 18, pero momentos antes <strong>se comunic\u00f3 el cese de la misma para este punto del pa\u00eds, al igual distintas zonas de provincias vecinas<\/strong>. No obstante, permanece el alerta para Chaco, Centro y norte de C\u00f3rdoba, Corrientes, Entre R\u00edos, Formosa, Este de Jujuy, Misiones, Centro y este de Salta, Centro y norte de Santa Fe, Santiago del Estero, Tucum\u00e1n.<\/p>\n<p>&nbsp;<\/p>\n<p><img data-recalc-dims=\"1\" loading=\"lazy\" decoding=\"async\" class=\"alignnone size-large wp-image-4872\" src=\"https:\/\/i0.wp.com\/cdnoticias.com\/wp-content\/uploads\/2020\/10\/Sin-t%C3%ADtulo-1-1-1024x300.jpg?resize=800%2C234&#038;ssl=1\" alt=\"\" width=\"800\" height=\"234\" srcset=\"https:\/\/i0.wp.com\/cdnoticias.com\/wp-content\/uploads\/2020\/10\/Sin-t%C3%ADtulo-1-1.jpg?resize=1024%2C300&amp;ssl=1 1024w, https:\/\/i0.wp.com\/cdnoticias.com\/wp-content\/uploads\/2020\/10\/Sin-t%C3%ADtulo-1-1.jpg?resize=300%2C88&amp;ssl=1 300w, https:\/\/i0.wp.com\/cdnoticias.com\/wp-content\/uploads\/2020\/10\/Sin-t%C3%ADtulo-1-1.jpg?resize=768%2C225&amp;ssl=1 768w, https:\/\/i0.wp.com\/cdnoticias.com\/wp-content\/uploads\/2020\/10\/Sin-t%C3%ADtulo-1-1.jpg?w=1112&amp;ssl=1 1112w\" sizes=\"auto, (max-width: 800px) 100vw, 800px\" \/><\/p>\n<p>&nbsp;<\/p>\n<p>De acuerdo con lo que se a\u00f1adi\u00f3, por estas latitudes <strong>\u201cpuede continuar con lluvias y tormentas aisladas, las mismas no presentar\u00e1n caracter\u00edsticas de fuertes o severas\u201d.<\/strong><\/p>\n<p>&nbsp;<\/p>\n<p>La actualizaci\u00f3n tambi\u00e9n permiti\u00f3 ver importantes cambios en cuanto al pron\u00f3stico local. Tal es as\u00ed que<strong> ya no se prev\u00e9n fuertes vientos y r\u00e1fagas para lo que resta de este domingo, con respecto al lunes y martes no se advierten mayores diferencias a lo comunicado m\u00e1s temprano.<\/strong><\/p>\n<p>&nbsp;<\/p>\n<p><strong>Reci\u00e9n con la tarde del martes se dar\u00eda el regreso de las precipitaciones, pero no se prolongar\u00edan mucho m\u00e1s.<\/strong> No obstante, no se esperan mayores aumentos de temperatura.<\/p>\n","protected":false},"excerpt":{"rendered":"<p>As\u00ed se detall\u00f3 en la tarde de este domingo desde el Servicio Meteorol\u00f3gico Nacional. Sigue vigente para otros puntos del<\/p>\n","protected":false},"author":3,"featured_media":4873,"comment_status":"closed","ping_status":"closed","sticky":false,"template":"","format":"standard","meta":{"_jetpack_memberships_contains_paid_content":false,"footnotes":""},"categories":[5],"tags":[],"class_list":["post-4871","post","type-post","status-publish","format-standard","has-post-thumbnail","hentry","category-informacion-general"],"jetpack_featured_media_url":"https:\/\/i0.wp.com\/cdnoticias.com\/wp-content\/uploads\/2020\/10\/Sin-t%C3%ADtulo-2-1.jpg?fit=757%2C486&ssl=1","jetpack_sharing_enabled":true,"_links":{"self":[{"href":"https:\/\/cdnoticias.com\/index.php\/wp-json\/wp\/v2\/posts\/4871","targetHints":{"allow":["GET"]}}],"collection":[{"href":"https:\/\/cdnoticias.com\/index.php\/wp-json\/wp\/v2\/posts"}],"about":[{"href":"https:\/\/cdnoticias.com\/index.php\/wp-json\/wp\/v2\/types\/post"}],"author":[{"embeddable":true,"href":"https:\/\/cdnoticias.com\/index.php\/wp-json\/wp\/v2\/users\/3"}],"replies":[{"embeddable":true,"href":"https:\/\/cdnoticias.com\/index.php\/wp-json\/wp\/v2\/comments?post=4871"}],"version-history":[{"count":0,"href":"https:\/\/cdnoticias.com\/index.php\/wp-json\/wp\/v2\/posts\/4871\/revisions"}],"wp:featuredmedia":[{"embeddable":true,"href":"https:\/\/cdnoticias.com\/index.php\/wp-json\/wp\/v2\/media\/4873"}],"wp:attachment":[{"href":"https:\/\/cdnoticias.com\/index.php\/wp-json\/wp\/v2\/media?parent=4871"}],"wp:term":[{"taxonomy":"category","embeddable":true,"href":"https:\/\/cdnoticias.com\/index.php\/wp-json\/wp\/v2\/categories?post=4871"},{"taxonomy":"post_tag","embeddable":true,"href":"https:\/\/cdnoticias.com\/index.php\/wp-json\/wp\/v2\/tags?post=4871"}],"curies":[{"name":"wp","href":"https:\/\/api.w.org\/{rel}","templated":true}]}}