{"id":48697,"date":"2022-03-10T16:09:33","date_gmt":"2022-03-10T19:09:33","guid":{"rendered":"https:\/\/www.centraldenoticias.com.ar\/?p=48697"},"modified":"2022-03-10T17:43:24","modified_gmt":"2022-03-10T20:43:24","slug":"dos-gruas-trabajan-para-la-remocion-de-los-vagones-descarrilados-en-pourtale","status":"publish","type":"post","link":"https:\/\/cdnoticias.com\/index.php\/2022\/03\/10\/dos-gruas-trabajan-para-la-remocion-de-los-vagones-descarrilados-en-pourtale\/","title":{"rendered":"Dos gr\u00faas trabajan para la remoci\u00f3n de los vagones descarrilados en Pourtal\u00e9"},"content":{"rendered":"<p>As\u00ed lo comunicaron desde Trenes Argentino. Ya se encarrillaron algunos coches. El servicio se encuentra interrumpido y ofrecen devoluci\u00f3n del dinero a quienes contaban con pasajes.<!--more--><\/p>\n<hr \/>\n<p>Seg\u00fan se inform\u00f3 desde Trenes Argentinos, durante la jornada de este jueves dos gr\u00faas se encuentran trabajando sobre la <a href=\"https:\/\/cdnoticias.com\/index.php\/2022\/03\/08\/pourtale-descarrilo-el-tren-de-pasajeros-y-hay-al-menos-ocho-heridos\/\" target=\"_blank\" rel=\"noopener\">formaci\u00f3n de pasajeros que descarril\u00f3 a la altura de Pourtal\u00e9<\/a>, cuando se dirig\u00eda a Bah\u00eda Blanca.<\/p>\n<p>&nbsp;<\/p>\n<p>Se\u00f1alaron que <strong>\u201cya se encarrilaron dos coches y restan otros cinco\u201d<\/strong>. Adem\u00e1s, trabajan en el lugar cuadrillas de <strong>FerroSur Roca, FerroExpreso Pampeano y Trenes Argentinos.<\/strong><\/p>\n<p>&nbsp;<\/p>\n<p>Recordemos que durante la jornada de este mi\u00e9rcoles, <a href=\"https:\/\/cdnoticias.com\/index.php\/2022\/03\/09\/llegan-a-olavarria-equipos-e-infraestructura-para-reparar-las-vias-tras-el-descarrilamiento\/\" target=\"_blank\" rel=\"noopener\">arribaron a nuestra ciudad equipos e infraestructura para reparar las v\u00edas.<\/a> Desde Bah\u00eda Blanca enviaron distintos equipamientos, entre ellos una gr\u00faa ferroviaria TKRAF para llevar adelante precisamente la remoci\u00f3n de los vagones, para poder avanzar definitivamente en la reparaci\u00f3n de rieles y durmientes.<\/p>\n<p>&nbsp;<\/p>\n<p><img data-recalc-dims=\"1\" loading=\"lazy\" decoding=\"async\" class=\"aligncenter size-full wp-image-48602\" src=\"https:\/\/i0.wp.com\/cdnoticias.com\/wp-content\/uploads\/2022\/03\/tren01.jpg?resize=800%2C445&#038;ssl=1\" alt=\"\" width=\"800\" height=\"445\" srcset=\"https:\/\/i0.wp.com\/cdnoticias.com\/wp-content\/uploads\/2022\/03\/tren01.jpg?w=800&amp;ssl=1 800w, https:\/\/i0.wp.com\/cdnoticias.com\/wp-content\/uploads\/2022\/03\/tren01.jpg?resize=300%2C167&amp;ssl=1 300w, https:\/\/i0.wp.com\/cdnoticias.com\/wp-content\/uploads\/2022\/03\/tren01.jpg?resize=768%2C427&amp;ssl=1 768w\" sizes=\"auto, (max-width: 800px) 100vw, 800px\" \/><\/p>\n<p>&nbsp;<\/p>\n<p>Por el hecho se lleva adelante una investigaci\u00f3n penal encabezada desde la secretar\u00eda 3 del Juzgado Federal de Azul que lidera el doctor Gabriel Di Giulio. Se dispusieron varias medidas, entre las que se destac\u00f3 el pedido de<a href=\"https:\/\/cdnoticias.com\/index.php\/2022\/03\/08\/descarrilamiento-se-secuestro-la-caja-negra-y-filmaciones\/\" target=\"_blank\" rel=\"noopener\"> secuestro de la \u201ccaja negra\u201d<\/a> y filmaciones.<\/p>\n<p>&nbsp;<\/p>\n<p>Por otra parte, resaltaron que para <strong>los pasajeros y pasajeras que ten\u00edan pasaje se ofrece la devoluci\u00f3n total del importe o el cambio para otra fecha.<\/strong><\/p>\n<p>&nbsp;<\/p>\n","protected":false},"excerpt":{"rendered":"<p>As\u00ed lo comunicaron desde Trenes Argentino. Ya se encarrillaron algunos coches. El servicio se encuentra interrumpido y ofrecen devoluci\u00f3n del<\/p>\n","protected":false},"author":5,"featured_media":48698,"comment_status":"closed","ping_status":"closed","sticky":false,"template":"","format":"standard","meta":{"_jetpack_memberships_contains_paid_content":false,"footnotes":""},"categories":[5,1],"tags":[],"class_list":["post-48697","post","type-post","status-publish","format-standard","has-post-thumbnail","hentry","category-informacion-general","category-portada"],"jetpack_featured_media_url":"https:\/\/i0.wp.com\/cdnoticias.com\/wp-content\/uploads\/2022\/03\/WhatsApp-Image-2022-03-10-at-15.44.29.jpeg?fit=1280%2C960&ssl=1","jetpack_sharing_enabled":true,"_links":{"self":[{"href":"https:\/\/cdnoticias.com\/index.php\/wp-json\/wp\/v2\/posts\/48697","targetHints":{"allow":["GET"]}}],"collection":[{"href":"https:\/\/cdnoticias.com\/index.php\/wp-json\/wp\/v2\/posts"}],"about":[{"href":"https:\/\/cdnoticias.com\/index.php\/wp-json\/wp\/v2\/types\/post"}],"author":[{"embeddable":true,"href":"https:\/\/cdnoticias.com\/index.php\/wp-json\/wp\/v2\/users\/5"}],"replies":[{"embeddable":true,"href":"https:\/\/cdnoticias.com\/index.php\/wp-json\/wp\/v2\/comments?post=48697"}],"version-history":[{"count":0,"href":"https:\/\/cdnoticias.com\/index.php\/wp-json\/wp\/v2\/posts\/48697\/revisions"}],"wp:featuredmedia":[{"embeddable":true,"href":"https:\/\/cdnoticias.com\/index.php\/wp-json\/wp\/v2\/media\/48698"}],"wp:attachment":[{"href":"https:\/\/cdnoticias.com\/index.php\/wp-json\/wp\/v2\/media?parent=48697"}],"wp:term":[{"taxonomy":"category","embeddable":true,"href":"https:\/\/cdnoticias.com\/index.php\/wp-json\/wp\/v2\/categories?post=48697"},{"taxonomy":"post_tag","embeddable":true,"href":"https:\/\/cdnoticias.com\/index.php\/wp-json\/wp\/v2\/tags?post=48697"}],"curies":[{"name":"wp","href":"https:\/\/api.w.org\/{rel}","templated":true}]}}