{"id":48680,"date":"2022-03-10T15:38:55","date_gmt":"2022-03-10T18:38:55","guid":{"rendered":"https:\/\/www.centraldenoticias.com.ar\/?p=48680"},"modified":"2022-03-10T16:09:55","modified_gmt":"2022-03-10T19:09:55","slug":"el-cumplimiento-de-la-ordenanza-sobre-emergencia-en-violencia-de-genero-en-debate","status":"publish","type":"post","link":"https:\/\/cdnoticias.com\/index.php\/2022\/03\/10\/el-cumplimiento-de-la-ordenanza-sobre-emergencia-en-violencia-de-genero-en-debate\/","title":{"rendered":"El cumplimiento de la ordenanza sobre emergencia en violencia de g\u00e9nero, en debate"},"content":{"rendered":"<p>Fue en la sesi\u00f3n del Concejo Deliberante en la que el Frente de Todos cuestion\u00f3 la implementaci\u00f3n de la ordenanza 4541\/20. Hubo una referencia al comunicado de las trabajadoras de medios locales.<!--more--><\/p>\n<hr \/>\n<p>Uno de los debates m\u00e1s extensos en <a href=\"https:\/\/cdnoticias.com\/index.php\/2022\/03\/10\/cruces-por-el-tema-seguridad-en-la-primera-sesion-ordinaria-del-ano\/\" target=\"_blank\" rel=\"noopener\">la sesi\u00f3n de este lunes<\/a> se dio en torno al <strong>cumplimiento de la ordenanza 4541 aprobada en 202\u00ba sobre la Emergencia P\u00fablica en materia social por Violencia de G\u00e9nero<\/strong>.<\/p>\n<p>&nbsp;<\/p>\n<p><strong>La propuesta fue impulsada por el Frente de Todos<\/strong>. Desde el bloque Juntos se impuls\u00f3 una modificaci\u00f3n, que fue aprobada por mayor\u00eda. El proyecto <strong>termin\u00f3 aprobado por unanimidad<\/strong> despu\u00e9s la intervenci\u00f3n de voceras de ambas bancadas.<\/p>\n<p>&nbsp;<\/p>\n<p>La resoluci\u00f3n aprobada consiste en una solicitud al <strong>Ejecutivo para que \u201credoble los esfuerzos a fin de dar cumplimiento a la Ordenanza 4541\/20<\/strong> sobre Emergencia P\u00fablica en materia social por Violencia de G\u00e9nero, aprobada por este honorable cuerpo en agosto del 2020\u201d.<\/p>\n<p>&nbsp;<\/p>\n<p>Puntualmente, se mencion\u00f3 <strong>\u201cel efectivo y urgente cumplimiento de los art\u00edculos 2, 3, 4, 5, 6, 6 bis, 8, 12, 14, 15 y 16\u201d<\/strong>.<\/p>\n<p>&nbsp;<\/p>\n<p><img data-recalc-dims=\"1\" loading=\"lazy\" decoding=\"async\" class=\"size-full wp-image-48677 aligncenter\" src=\"https:\/\/i0.wp.com\/cdnoticias.com\/wp-content\/uploads\/2022\/03\/HCD-frente-de-todos.jpg?resize=800%2C478&#038;ssl=1\" alt=\"\" width=\"800\" height=\"478\" srcset=\"https:\/\/i0.wp.com\/cdnoticias.com\/wp-content\/uploads\/2022\/03\/HCD-frente-de-todos.jpg?w=960&amp;ssl=1 960w, https:\/\/i0.wp.com\/cdnoticias.com\/wp-content\/uploads\/2022\/03\/HCD-frente-de-todos.jpg?resize=300%2C179&amp;ssl=1 300w, https:\/\/i0.wp.com\/cdnoticias.com\/wp-content\/uploads\/2022\/03\/HCD-frente-de-todos.jpg?resize=768%2C458&amp;ssl=1 768w\" sizes=\"auto, (max-width: 800px) 100vw, 800px\" \/><\/p>\n<p>&nbsp;<\/p>\n<p><strong>Mercedes Land\u00edvar<\/strong> expuso la argumentaci\u00f3n sobre la que subray\u00f3 que se basaba en <strong>\u201clo que expresan las v\u00edctimas y las agrupaciones\u201d<\/strong>. Apunt\u00f3 a la falta de atenci\u00f3n las 24 horas, a que <em>el abordaje que se brinda no es integral, a la falta de env\u00edo de los informes semestrales que el Ejecutivo deb\u00eda enviar y a la falta de redacci\u00f3n de un protocolo espec\u00edfico que se deb\u00eda redactar<\/em>, entre otros aspectos mencionados.<\/p>\n<p>&nbsp;<\/p>\n<blockquote><p>La concejal del Frente de Todos enfatiz\u00f3 en que \u201clas trabajadoras del \u00e1rea se esfuerzan en cumplir con los aspectos previstos\u201d aunque apunt\u00f3 a la necesidad de \u201cuna decisi\u00f3n pol\u00edtica\u201d para que ello se implemente efectivamente.<\/p><\/blockquote>\n<p>&nbsp;<\/p>\n<p>A su vez, record\u00f3 que este tema lleg\u00f3 a tratamiento <strong>a dos a\u00f1os de la declaraci\u00f3n de la emergencia en violencia de g\u00e9nero<\/strong> en Olavarr\u00eda.<\/p>\n<p>&nbsp;<\/p>\n<p>A su vez expuso que <strong>el Ejecutivo Municipal rechaz\u00f3 la recepci\u00f3n local de un programa del Ministerio de Mujeres<\/strong> de la provincia, Comunidades Sin Violencia, que significaba un aporte de unos 5 millones de pesos.<\/p>\n<p>&nbsp;<\/p>\n<p><img data-recalc-dims=\"1\" loading=\"lazy\" decoding=\"async\" class=\"size-large wp-image-48675 aligncenter\" src=\"https:\/\/i0.wp.com\/cdnoticias.com\/wp-content\/uploads\/2022\/03\/HCD-10-03-2.jpeg?resize=800%2C566&#038;ssl=1\" alt=\"\" width=\"800\" height=\"566\" srcset=\"https:\/\/i0.wp.com\/cdnoticias.com\/wp-content\/uploads\/2022\/03\/HCD-10-03-2.jpeg?resize=1024%2C724&amp;ssl=1 1024w, https:\/\/i0.wp.com\/cdnoticias.com\/wp-content\/uploads\/2022\/03\/HCD-10-03-2.jpeg?resize=300%2C212&amp;ssl=1 300w, https:\/\/i0.wp.com\/cdnoticias.com\/wp-content\/uploads\/2022\/03\/HCD-10-03-2.jpeg?resize=768%2C543&amp;ssl=1 768w, https:\/\/i0.wp.com\/cdnoticias.com\/wp-content\/uploads\/2022\/03\/HCD-10-03-2.jpeg?w=1280&amp;ssl=1 1280w\" sizes=\"auto, (max-width: 800px) 100vw, 800px\" \/><\/p>\n<p>&nbsp;<\/p>\n<p>La respuesta lleg\u00f3 por <strong>la concejal Guillermina Amespil<\/strong> quien busc\u00f3 subrayar la labor de las trabajadoras de los organismos involucrados en la puesta en marcha de la ordenanza 4541 y <strong>cuestion\u00f3 el enfoque \u201cpor la negativa\u201d del proyecto: \u201caceptamos cr\u00edticas y aportes, seguro que falta mucho, pero es much\u00edsimo lo que se hace\u201d<\/strong> destac\u00f3.<\/p>\n<p>&nbsp;<\/p>\n<blockquote><p>Amespil fue respondiendo uno a uno casi todos los puntos se\u00f1alados por Land\u00edvar, aclar\u00f3 que estaba en desconocimiento respecto del programa provincial rechazado y se\u00f1al\u00f3 que \u201cdesde la Direcci\u00f3n de Pol\u00edticas de G\u00e9nero est\u00e1n mirando esta sesi\u00f3n porque est\u00e1n muy preocupadas por los se\u00f1alamientos que se hacen\u201d.<\/p><\/blockquote>\n<p>&nbsp;<\/p>\n<p>Luego pidi\u00f3 la palabra <strong>In\u00e9s Creimer (Foro Olavarr\u00eda \u2013 Frente de Todos)<\/strong>, quien adem\u00e1s es presidenta de la Comisi\u00f3n de G\u00e9nero. La concejal retom\u00f3 un aspecto que hab\u00eda sido planteado por Amespil: <strong>las capacitaciones a trabajadores de medios locales<\/strong> para mejorar la comunicaci\u00f3n sobre situaciones de violencia de g\u00e9nero. Valor\u00f3 lo logrado desde la Mesa contra la Violencia y el Ejecutivo municipal, la cantidad de periodistas que se hab\u00edan sumado y el cambio notado en las publicaciones. <strong>All\u00ed mencion\u00f3 lo sucedido en torno al 8M con<a href=\"https:\/\/cdnoticias.com\/index.php\/2022\/03\/08\/8m-repudio-a-la-reproduccion-de-discursos-de-odio-hacia-las-mujeres\/\" target=\"_blank\" rel=\"noopener\"> el comunicado que hicieron p\u00fablico trabajadoras locales<\/a> sobre \u201clas referencias a lo que somos las mujeres\u201d dijo Creimer<\/strong>.<\/p>\n<p>&nbsp;<\/p>\n<p>En el cierre del debate, Land\u00edvar hizo menci\u00f3n al mismo tema. Apunt\u00f3 al \u201ccomunicador local\u201d cuestionado en el comunicado y se\u00f1al\u00f3 su <strong>\u201cpreocupaci\u00f3n por las comunicadoras a quien amenaza constantemente con enviar cartas documento\u201d<\/strong>. Pidi\u00f3 que el Municipio, <strong>le ofrezca las capacitaciones en g\u00e9nero ya que se trata de alguien que \u201crecibe pauta municipal\u201d<\/strong>.<\/p>\n","protected":false},"excerpt":{"rendered":"<p>Fue en la sesi\u00f3n del Concejo Deliberante en la que el Frente de Todos cuestion\u00f3 la implementaci\u00f3n de la ordenanza<\/p>\n","protected":false},"author":4,"featured_media":48674,"comment_status":"closed","ping_status":"closed","sticky":false,"template":"","format":"standard","meta":{"_jetpack_memberships_contains_paid_content":false,"footnotes":""},"categories":[4,1],"tags":[],"class_list":["post-48680","post","type-post","status-publish","format-standard","has-post-thumbnail","hentry","category-politica","category-portada"],"jetpack_featured_media_url":"https:\/\/i0.wp.com\/cdnoticias.com\/wp-content\/uploads\/2022\/03\/HCD-10-03-1.jpeg?fit=1038%2C695&ssl=1","jetpack_sharing_enabled":true,"_links":{"self":[{"href":"https:\/\/cdnoticias.com\/index.php\/wp-json\/wp\/v2\/posts\/48680","targetHints":{"allow":["GET"]}}],"collection":[{"href":"https:\/\/cdnoticias.com\/index.php\/wp-json\/wp\/v2\/posts"}],"about":[{"href":"https:\/\/cdnoticias.com\/index.php\/wp-json\/wp\/v2\/types\/post"}],"author":[{"embeddable":true,"href":"https:\/\/cdnoticias.com\/index.php\/wp-json\/wp\/v2\/users\/4"}],"replies":[{"embeddable":true,"href":"https:\/\/cdnoticias.com\/index.php\/wp-json\/wp\/v2\/comments?post=48680"}],"version-history":[{"count":0,"href":"https:\/\/cdnoticias.com\/index.php\/wp-json\/wp\/v2\/posts\/48680\/revisions"}],"wp:featuredmedia":[{"embeddable":true,"href":"https:\/\/cdnoticias.com\/index.php\/wp-json\/wp\/v2\/media\/48674"}],"wp:attachment":[{"href":"https:\/\/cdnoticias.com\/index.php\/wp-json\/wp\/v2\/media?parent=48680"}],"wp:term":[{"taxonomy":"category","embeddable":true,"href":"https:\/\/cdnoticias.com\/index.php\/wp-json\/wp\/v2\/categories?post=48680"},{"taxonomy":"post_tag","embeddable":true,"href":"https:\/\/cdnoticias.com\/index.php\/wp-json\/wp\/v2\/tags?post=48680"}],"curies":[{"name":"wp","href":"https:\/\/api.w.org\/{rel}","templated":true}]}}