{"id":48663,"date":"2022-03-10T11:54:48","date_gmt":"2022-03-10T14:54:48","guid":{"rendered":"https:\/\/www.centraldenoticias.com.ar\/?p=48663"},"modified":"2022-03-10T11:55:25","modified_gmt":"2022-03-10T14:55:25","slug":"en-vivo-sergio-massa-habla-sobre-el-acuerdo-con-el-fmi-antes-de-la-sesion","status":"publish","type":"post","link":"https:\/\/cdnoticias.com\/index.php\/2022\/03\/10\/en-vivo-sergio-massa-habla-sobre-el-acuerdo-con-el-fmi-antes-de-la-sesion\/","title":{"rendered":"EN VIVO \u2013 Sergio Massa habla sobre el acuerdo con el FMI antes de la sesi\u00f3n"},"content":{"rendered":"<p>Las palabras del presidente de la C\u00e1mara de Diputados antes del inicio de la sesi\u00f3n por el proyecto de Ley que propicia la aprobaci\u00f3n del Programa de Facilidades Extendidas con el Fondo Monetario Internacional (FMI). <!--more--><\/p>\n<hr \/>\n<p>Segu\u00ed en vivo el discurso del presidente de la C\u00e1mara de Diputados de la Naci\u00f3n<a href=\"https:\/\/www.youtube.com\/watch?v=89rdtyPBui8\" target=\"_blank\" rel=\"noopener\"> en el canal de Youtube Diputados TV.\u00a0<\/a><\/p>\n<p>&nbsp;<\/p>\n<p><iframe loading=\"lazy\" title=\"YouTube video player\" src=\"https:\/\/www.youtube.com\/embed\/89rdtyPBui8\" width=\"560\" height=\"315\" frameborder=\"0\" allowfullscreen=\"allowfullscreen\"><\/iframe><\/p>\n","protected":false},"excerpt":{"rendered":"<p>Las palabras del presidente de la C\u00e1mara de Diputados antes del inicio de la sesi\u00f3n por el proyecto de Ley<\/p>\n","protected":false},"author":2,"featured_media":40769,"comment_status":"closed","ping_status":"closed","sticky":false,"template":"","format":"standard","meta":{"_jetpack_memberships_contains_paid_content":false,"footnotes":""},"categories":[6,1],"tags":[],"class_list":["post-48663","post","type-post","status-publish","format-standard","has-post-thumbnail","hentry","category-nacionales","category-portada"],"jetpack_featured_media_url":"https:\/\/i0.wp.com\/cdnoticias.com\/wp-content\/uploads\/2021\/12\/WhatsApp-Image-2021-12-07-at-16.12.09-1.jpeg?fit=1280%2C853&ssl=1","jetpack_sharing_enabled":true,"_links":{"self":[{"href":"https:\/\/cdnoticias.com\/index.php\/wp-json\/wp\/v2\/posts\/48663","targetHints":{"allow":["GET"]}}],"collection":[{"href":"https:\/\/cdnoticias.com\/index.php\/wp-json\/wp\/v2\/posts"}],"about":[{"href":"https:\/\/cdnoticias.com\/index.php\/wp-json\/wp\/v2\/types\/post"}],"author":[{"embeddable":true,"href":"https:\/\/cdnoticias.com\/index.php\/wp-json\/wp\/v2\/users\/2"}],"replies":[{"embeddable":true,"href":"https:\/\/cdnoticias.com\/index.php\/wp-json\/wp\/v2\/comments?post=48663"}],"version-history":[{"count":0,"href":"https:\/\/cdnoticias.com\/index.php\/wp-json\/wp\/v2\/posts\/48663\/revisions"}],"wp:featuredmedia":[{"embeddable":true,"href":"https:\/\/cdnoticias.com\/index.php\/wp-json\/wp\/v2\/media\/40769"}],"wp:attachment":[{"href":"https:\/\/cdnoticias.com\/index.php\/wp-json\/wp\/v2\/media?parent=48663"}],"wp:term":[{"taxonomy":"category","embeddable":true,"href":"https:\/\/cdnoticias.com\/index.php\/wp-json\/wp\/v2\/categories?post=48663"},{"taxonomy":"post_tag","embeddable":true,"href":"https:\/\/cdnoticias.com\/index.php\/wp-json\/wp\/v2\/tags?post=48663"}],"curies":[{"name":"wp","href":"https:\/\/api.w.org\/{rel}","templated":true}]}}