{"id":48657,"date":"2022-03-10T11:49:49","date_gmt":"2022-03-10T14:49:49","guid":{"rendered":"https:\/\/www.centraldenoticias.com.ar\/?p=48657"},"modified":"2022-03-10T11:49:49","modified_gmt":"2022-03-10T14:49:49","slug":"laprida-tendra-un-sistema-hibrido-para-cursar-medicina-en-la-facultad-de-salud","status":"publish","type":"post","link":"https:\/\/cdnoticias.com\/index.php\/2022\/03\/10\/laprida-tendra-un-sistema-hibrido-para-cursar-medicina-en-la-facultad-de-salud\/","title":{"rendered":"Laprida tendr\u00e1 un \u201csistema h\u00edbrido\u201d para cursar Medicina en la Facultad de Salud"},"content":{"rendered":"<p>Se podr\u00e1 estudiar en la vecina ciudad tras la firma de un convenio entre el Municipio de Laprida y autoridades de la casa de estudios. <!--more--><\/p>\n<hr \/>\n<p>El pasado martes <strong>se firm\u00f3 un convenio entre el Municipio de Laprida y la Facultad de Ciencias de la Salud de la Unicen<em> &#8220;para que los estudiantes puedan cursar por medio del aula h\u00edbrida las actividades te\u00f3ricas y en forma descentralizada, las actividades pr\u00e1cticas&#8221;<\/em><\/strong>, relat\u00f3 el decano \u00a0de la casa de altos estudios, H\u00e9ctor Trebucq.<\/p>\n<p>&nbsp;<\/p>\n<p>Todo aquel<strong> estudiante de 1\u00ba a 6\u00ba a\u00f1o de la carrera de Medicina que haya decidido quedarse a vivir en Laprida, puede cursar la carrera de esta manera.<\/strong> La forma descentralizada tiene a su vez una venida cada 15 d\u00edas a la ciudad de Olavarr\u00eda, en forma intensiva, un solo d\u00eda, para realizar las pr\u00e1cticas en Olavarr\u00eda, adem\u00e1s de las que realizar\u00e1n en el d\u00eda a d\u00eda donde reside el estudiante.<\/p>\n<p>&nbsp;<\/p>\n<p><img data-recalc-dims=\"1\" loading=\"lazy\" decoding=\"async\" class=\"alignnone size-large wp-image-48661\" src=\"https:\/\/i0.wp.com\/cdnoticias.com\/wp-content\/uploads\/2022\/03\/WhatsApp-Image-2022-03-08-at-12.59.41.jpeg?resize=800%2C533&#038;ssl=1\" alt=\"\" width=\"800\" height=\"533\" srcset=\"https:\/\/i0.wp.com\/cdnoticias.com\/wp-content\/uploads\/2022\/03\/WhatsApp-Image-2022-03-08-at-12.59.41.jpeg?resize=1024%2C682&amp;ssl=1 1024w, https:\/\/i0.wp.com\/cdnoticias.com\/wp-content\/uploads\/2022\/03\/WhatsApp-Image-2022-03-08-at-12.59.41.jpeg?resize=300%2C200&amp;ssl=1 300w, https:\/\/i0.wp.com\/cdnoticias.com\/wp-content\/uploads\/2022\/03\/WhatsApp-Image-2022-03-08-at-12.59.41.jpeg?resize=768%2C512&amp;ssl=1 768w, https:\/\/i0.wp.com\/cdnoticias.com\/wp-content\/uploads\/2022\/03\/WhatsApp-Image-2022-03-08-at-12.59.41.jpeg?resize=272%2C182&amp;ssl=1 272w, https:\/\/i0.wp.com\/cdnoticias.com\/wp-content\/uploads\/2022\/03\/WhatsApp-Image-2022-03-08-at-12.59.41.jpeg?w=1280&amp;ssl=1 1280w\" sizes=\"auto, (max-width: 800px) 100vw, 800px\" \/><\/p>\n<p>&nbsp;<\/p>\n<p><strong>El Municipio, por su parte, se compromete a ceder espacios para la docencia<\/strong>; ya que desde la Facultad se va a realizar una selecci\u00f3n de docentes locales que trabajar\u00e1n como tutores y que ser\u00e1n capacitados desde la Facultad.<\/p>\n<p>&nbsp;<\/p>\n<p>La reuni\u00f3n se realiz\u00f3 en la municipalidad de Laprida, estuvieron presentes el Decano H\u00e9ctor Trebucq y la Vicedecana Bettina Bernardeli por la Facultad de Salud. Por parte del Municipio local, estuvo el Intendente Pablo Torres, el director del Hospital Fernando Andreata, la Secretar\u00eda de Salud P\u00fablica Romina Sim\u00f3n y el Secretario de Gobierno Nicol\u00e1s Di Filippo.<\/p>\n<p>&nbsp;<\/p>\n<p><img data-recalc-dims=\"1\" loading=\"lazy\" decoding=\"async\" class=\"alignnone size-large wp-image-48659\" src=\"https:\/\/i0.wp.com\/cdnoticias.com\/wp-content\/uploads\/2022\/03\/WhatsApp-Image-2022-03-08-at-12.59.40.jpeg?resize=800%2C533&#038;ssl=1\" alt=\"\" width=\"800\" height=\"533\" srcset=\"https:\/\/i0.wp.com\/cdnoticias.com\/wp-content\/uploads\/2022\/03\/WhatsApp-Image-2022-03-08-at-12.59.40.jpeg?resize=1024%2C682&amp;ssl=1 1024w, https:\/\/i0.wp.com\/cdnoticias.com\/wp-content\/uploads\/2022\/03\/WhatsApp-Image-2022-03-08-at-12.59.40.jpeg?resize=300%2C200&amp;ssl=1 300w, https:\/\/i0.wp.com\/cdnoticias.com\/wp-content\/uploads\/2022\/03\/WhatsApp-Image-2022-03-08-at-12.59.40.jpeg?resize=768%2C512&amp;ssl=1 768w, https:\/\/i0.wp.com\/cdnoticias.com\/wp-content\/uploads\/2022\/03\/WhatsApp-Image-2022-03-08-at-12.59.40.jpeg?resize=272%2C182&amp;ssl=1 272w, https:\/\/i0.wp.com\/cdnoticias.com\/wp-content\/uploads\/2022\/03\/WhatsApp-Image-2022-03-08-at-12.59.40.jpeg?w=1280&amp;ssl=1 1280w\" sizes=\"auto, (max-width: 800px) 100vw, 800px\" \/><\/p>\n<p>&nbsp;<\/p>\n<p><img data-recalc-dims=\"1\" loading=\"lazy\" decoding=\"async\" class=\"alignnone size-large wp-image-48660\" src=\"https:\/\/i0.wp.com\/cdnoticias.com\/wp-content\/uploads\/2022\/03\/WhatsApp-Image-2022-03-08-at-12.59.41-2.jpeg?resize=800%2C533&#038;ssl=1\" alt=\"\" width=\"800\" height=\"533\" srcset=\"https:\/\/i0.wp.com\/cdnoticias.com\/wp-content\/uploads\/2022\/03\/WhatsApp-Image-2022-03-08-at-12.59.41-2.jpeg?resize=1024%2C682&amp;ssl=1 1024w, https:\/\/i0.wp.com\/cdnoticias.com\/wp-content\/uploads\/2022\/03\/WhatsApp-Image-2022-03-08-at-12.59.41-2.jpeg?resize=300%2C200&amp;ssl=1 300w, https:\/\/i0.wp.com\/cdnoticias.com\/wp-content\/uploads\/2022\/03\/WhatsApp-Image-2022-03-08-at-12.59.41-2.jpeg?resize=768%2C512&amp;ssl=1 768w, https:\/\/i0.wp.com\/cdnoticias.com\/wp-content\/uploads\/2022\/03\/WhatsApp-Image-2022-03-08-at-12.59.41-2.jpeg?resize=272%2C182&amp;ssl=1 272w, https:\/\/i0.wp.com\/cdnoticias.com\/wp-content\/uploads\/2022\/03\/WhatsApp-Image-2022-03-08-at-12.59.41-2.jpeg?w=1280&amp;ssl=1 1280w\" sizes=\"auto, (max-width: 800px) 100vw, 800px\" \/><\/p>\n<p>&nbsp;<\/p>\n<p><em>&#8220;Fue una reuni\u00f3n muy provechosa, quedamos en contacto para enviar el llamado a inscripci\u00f3n para una selecci\u00f3n interina de docentes.<strong> Y esperamos ir primero implementando la parte te\u00f3rica con un formato h\u00edbrido, es decir con presencialidad f\u00edsica y virtual, y despu\u00e9s a medida que vayamos contando con los tutores, seguir con las pr\u00e1cticas descentralizadas en la localidad de Laprida<\/strong>&#8220;<\/em>, dijo Trebucq.<\/p>\n","protected":false},"excerpt":{"rendered":"<p>Se podr\u00e1 estudiar en la vecina ciudad tras la firma de un convenio entre el Municipio de Laprida y autoridades<\/p>\n","protected":false},"author":2,"featured_media":48661,"comment_status":"closed","ping_status":"closed","sticky":false,"template":"","format":"standard","meta":{"_jetpack_memberships_contains_paid_content":false,"footnotes":""},"categories":[5,1],"tags":[],"class_list":["post-48657","post","type-post","status-publish","format-standard","has-post-thumbnail","hentry","category-informacion-general","category-portada"],"jetpack_featured_media_url":"https:\/\/i0.wp.com\/cdnoticias.com\/wp-content\/uploads\/2022\/03\/WhatsApp-Image-2022-03-08-at-12.59.41.jpeg?fit=1280%2C853&ssl=1","jetpack_sharing_enabled":true,"_links":{"self":[{"href":"https:\/\/cdnoticias.com\/index.php\/wp-json\/wp\/v2\/posts\/48657","targetHints":{"allow":["GET"]}}],"collection":[{"href":"https:\/\/cdnoticias.com\/index.php\/wp-json\/wp\/v2\/posts"}],"about":[{"href":"https:\/\/cdnoticias.com\/index.php\/wp-json\/wp\/v2\/types\/post"}],"author":[{"embeddable":true,"href":"https:\/\/cdnoticias.com\/index.php\/wp-json\/wp\/v2\/users\/2"}],"replies":[{"embeddable":true,"href":"https:\/\/cdnoticias.com\/index.php\/wp-json\/wp\/v2\/comments?post=48657"}],"version-history":[{"count":0,"href":"https:\/\/cdnoticias.com\/index.php\/wp-json\/wp\/v2\/posts\/48657\/revisions"}],"wp:featuredmedia":[{"embeddable":true,"href":"https:\/\/cdnoticias.com\/index.php\/wp-json\/wp\/v2\/media\/48661"}],"wp:attachment":[{"href":"https:\/\/cdnoticias.com\/index.php\/wp-json\/wp\/v2\/media?parent=48657"}],"wp:term":[{"taxonomy":"category","embeddable":true,"href":"https:\/\/cdnoticias.com\/index.php\/wp-json\/wp\/v2\/categories?post=48657"},{"taxonomy":"post_tag","embeddable":true,"href":"https:\/\/cdnoticias.com\/index.php\/wp-json\/wp\/v2\/tags?post=48657"}],"curies":[{"name":"wp","href":"https:\/\/api.w.org\/{rel}","templated":true}]}}