{"id":4863,"date":"2020-10-25T19:17:08","date_gmt":"2020-10-25T22:17:08","guid":{"rendered":"http:\/\/www.centraldenoticias.com.ar\/?p=4863"},"modified":"2020-10-25T19:17:08","modified_gmt":"2020-10-25T22:17:08","slug":"covid19-en-la-region-tres-muertes-en-azul-entre-ellas-una-paciente-de-46-anos","status":"publish","type":"post","link":"https:\/\/cdnoticias.com\/index.php\/2020\/10\/25\/covid19-en-la-region-tres-muertes-en-azul-entre-ellas-una-paciente-de-46-anos\/","title":{"rendered":"Covid19 en la regi\u00f3n: Tres muertes en Azul, entre ellas una paciente de 46 a\u00f1os"},"content":{"rendered":"<p>El municipio vecino cuenta ya con 40 muertes. A la par, la mayor\u00eda de los distritos de la regi\u00f3n registraron nuevos casos. Detalle de lo que sucede en la zona.<\/p>\n<p><!--more--><\/p>\n<hr \/>\n<p>En la jornada de este domingo, tal cual sucede hace ya unas semanas, no se tomar\u00e1n muestras en Olavarr\u00eda. No obstante, <strong>en la regi\u00f3n se registraron importantes novedades en materia epidemiol\u00f3gica y de la lucha contra el coronavirus.<\/strong><\/p>\n<p>&nbsp;<\/p>\n<p>Lamentablemente el caso m\u00e1s significativo se dio <strong>en Azul, donde en el transcurso de las \u00faltimas horas fallecieron tres pacientes que se encontraban internadas en el Hospital Municipal Pinto<\/strong>s. Lo llamativo y preocupante radica no solo en esa cifra, que elev\u00f3 a 40 el n\u00famero de muertes en ese distrito desde el inicio de la pandemia, sino que <strong>una de ellas se trat\u00f3 de una mujer de 46 a\u00f1os.<\/strong><\/p>\n<p>&nbsp;<\/p>\n<p><img data-recalc-dims=\"1\" loading=\"lazy\" decoding=\"async\" class=\"alignnone size-full wp-image-4865\" src=\"https:\/\/i0.wp.com\/cdnoticias.com\/wp-content\/uploads\/2020\/10\/azul.jpg?resize=800%2C491&#038;ssl=1\" alt=\"\" width=\"800\" height=\"491\" srcset=\"https:\/\/i0.wp.com\/cdnoticias.com\/wp-content\/uploads\/2020\/10\/azul.jpg?w=844&amp;ssl=1 844w, https:\/\/i0.wp.com\/cdnoticias.com\/wp-content\/uploads\/2020\/10\/azul.jpg?resize=300%2C184&amp;ssl=1 300w, https:\/\/i0.wp.com\/cdnoticias.com\/wp-content\/uploads\/2020\/10\/azul.jpg?resize=768%2C471&amp;ssl=1 768w\" sizes=\"auto, (max-width: 800px) 100vw, 800px\" \/><\/p>\n<p>&nbsp;<\/p>\n<p><strong>Los casos restantes correspondieron a otras dos pacientes, de 71 y 88 a\u00f1os respectivamente<\/strong>. A la par, se registraron dos nuevos casos, ambos en la ciudad cabecera del partido, y se aguarda por el resultado de varias muestras. En ese sentido se aclar\u00f3 que el an\u00e1lisis se encuentra \u201cdemorado\u201d. <strong>Azul por estas horas cuenta con 302 pacientes activos (270 en Azul, 30 en Chillar y 2 en Cachar\u00ed).<\/strong><\/p>\n<p>&nbsp;<\/p>\n<p><strong>Tandil sigue presentando d\u00eda a d\u00eda un importante incremento de casos positivos, tal es as\u00ed que cuenta con 1095 pacientes activos<\/strong>. En el parte oficial emitido en las \u00faltimas horas se precis\u00f3 que<strong> se detectaron 129 nuevos casos<\/strong>, el dato no menor es que entre esos pacientes<strong> 25 corresponden a dos geri\u00e1tricos, entre residentes y empleados<\/strong>.<\/p>\n<p>&nbsp;<\/p>\n<p><img data-recalc-dims=\"1\" loading=\"lazy\" decoding=\"async\" class=\"alignnone size-full wp-image-4864\" src=\"https:\/\/i0.wp.com\/cdnoticias.com\/wp-content\/uploads\/2020\/10\/tandil-2.jpg?resize=800%2C499&#038;ssl=1\" alt=\"\" width=\"800\" height=\"499\" srcset=\"https:\/\/i0.wp.com\/cdnoticias.com\/wp-content\/uploads\/2020\/10\/tandil-2.jpg?w=852&amp;ssl=1 852w, https:\/\/i0.wp.com\/cdnoticias.com\/wp-content\/uploads\/2020\/10\/tandil-2.jpg?resize=300%2C187&amp;ssl=1 300w, https:\/\/i0.wp.com\/cdnoticias.com\/wp-content\/uploads\/2020\/10\/tandil-2.jpg?resize=768%2C479&amp;ssl=1 768w\" sizes=\"auto, (max-width: 800px) 100vw, 800px\" \/><\/p>\n<p>&nbsp;<\/p>\n<p>A la par, <strong>se buscan determinar los causales de la muerte de un hombre de 81 a\u00f1os, debido a la sospecha de que pudiera tener coronavirus<\/strong>. El deceso se produjo en su domicilio. El municipio serrano cuenta con 37 fallecimientos.<\/p>\n<p>&nbsp;<\/p>\n<p>Algo m\u00e1s aliviada, pero no por ello compleja es la situaci\u00f3n que se da en el resto de los municipios de la regi\u00f3n. <strong>Bol\u00edvar, por su parte, registr\u00f3 5 nuevos casos tras la realizaci\u00f3n de 58 testeos<\/strong>. Son 85 los pacientes activos, pero se aguarda por los resultados de 47 hisopados.<\/p>\n<p>&nbsp;<\/p>\n<p><img data-recalc-dims=\"1\" loading=\"lazy\" decoding=\"async\" class=\"alignnone size-full wp-image-4866\" src=\"https:\/\/i0.wp.com\/cdnoticias.com\/wp-content\/uploads\/2020\/10\/La-Madrid.jpg?resize=783%2C409&#038;ssl=1\" alt=\"\" width=\"783\" height=\"409\" srcset=\"https:\/\/i0.wp.com\/cdnoticias.com\/wp-content\/uploads\/2020\/10\/La-Madrid.jpg?w=783&amp;ssl=1 783w, https:\/\/i0.wp.com\/cdnoticias.com\/wp-content\/uploads\/2020\/10\/La-Madrid.jpg?resize=300%2C157&amp;ssl=1 300w, https:\/\/i0.wp.com\/cdnoticias.com\/wp-content\/uploads\/2020\/10\/La-Madrid.jpg?resize=768%2C401&amp;ssl=1 768w, https:\/\/i0.wp.com\/cdnoticias.com\/wp-content\/uploads\/2020\/10\/La-Madrid.jpg?resize=390%2C205&amp;ssl=1 390w\" sizes=\"auto, (max-width: 783px) 100vw, 783px\" \/><\/p>\n<p>&nbsp;<\/p>\n<p><strong>Laprida<\/strong> tambi\u00e9n registr\u00f3 nuevos casos. Fueron tres en total, lo que dej\u00f3 en <strong>64 el n\u00famero de pacientes activos<\/strong> debido a que 6 personas fueron dadas de alta. Asimismo, se espera por el arribo de los resultados de 27 testeos.\u00a0<strong>La Madrid fue el \u00fanico municipio de la zona que no tuvo nuevos casos<\/strong> y actualmente cuenta solo con dos casos positivos. Son 15 los casos sospechosos\u00a0 con los que actualmente cuenta ese distrito.<\/p>\n","protected":false},"excerpt":{"rendered":"<p>El municipio vecino cuenta ya con 40 muertes. A la par, la mayor\u00eda de los distritos de la regi\u00f3n registraron<\/p>\n","protected":false},"author":3,"featured_media":845,"comment_status":"closed","ping_status":"closed","sticky":false,"template":"","format":"standard","meta":{"_jetpack_memberships_contains_paid_content":false,"footnotes":""},"categories":[6,1],"tags":[],"class_list":["post-4863","post","type-post","status-publish","format-standard","has-post-thumbnail","hentry","category-nacionales","category-portada"],"jetpack_featured_media_url":"https:\/\/i0.wp.com\/cdnoticias.com\/wp-content\/uploads\/2020\/09\/HospitalPintosAzul.jpg?fit=1731%2C1155&ssl=1","jetpack_sharing_enabled":true,"_links":{"self":[{"href":"https:\/\/cdnoticias.com\/index.php\/wp-json\/wp\/v2\/posts\/4863","targetHints":{"allow":["GET"]}}],"collection":[{"href":"https:\/\/cdnoticias.com\/index.php\/wp-json\/wp\/v2\/posts"}],"about":[{"href":"https:\/\/cdnoticias.com\/index.php\/wp-json\/wp\/v2\/types\/post"}],"author":[{"embeddable":true,"href":"https:\/\/cdnoticias.com\/index.php\/wp-json\/wp\/v2\/users\/3"}],"replies":[{"embeddable":true,"href":"https:\/\/cdnoticias.com\/index.php\/wp-json\/wp\/v2\/comments?post=4863"}],"version-history":[{"count":0,"href":"https:\/\/cdnoticias.com\/index.php\/wp-json\/wp\/v2\/posts\/4863\/revisions"}],"wp:featuredmedia":[{"embeddable":true,"href":"https:\/\/cdnoticias.com\/index.php\/wp-json\/wp\/v2\/media\/845"}],"wp:attachment":[{"href":"https:\/\/cdnoticias.com\/index.php\/wp-json\/wp\/v2\/media?parent=4863"}],"wp:term":[{"taxonomy":"category","embeddable":true,"href":"https:\/\/cdnoticias.com\/index.php\/wp-json\/wp\/v2\/categories?post=4863"},{"taxonomy":"post_tag","embeddable":true,"href":"https:\/\/cdnoticias.com\/index.php\/wp-json\/wp\/v2\/tags?post=4863"}],"curies":[{"name":"wp","href":"https:\/\/api.w.org\/{rel}","templated":true}]}}