{"id":48617,"date":"2022-03-09T20:39:36","date_gmt":"2022-03-09T23:39:36","guid":{"rendered":"https:\/\/www.centraldenoticias.com.ar\/?p=48617"},"modified":"2022-03-09T20:39:36","modified_gmt":"2022-03-09T23:39:36","slug":"el-municipio-comunico-trabajos-de-mantenimiento-que-se-realizan-en-las-localidades","status":"publish","type":"post","link":"https:\/\/cdnoticias.com\/index.php\/2022\/03\/09\/el-municipio-comunico-trabajos-de-mantenimiento-que-se-realizan-en-las-localidades\/","title":{"rendered":"El Municipio comunic\u00f3 trabajos de mantenimiento que se realizan en las localidades"},"content":{"rendered":"<p>Comprende tareas en Colonia San Miguel, Sierras Bayas, Hinojo, Colonia Hinojo y Loma Negra.<!--more--><\/p>\n<hr \/>\n<p>La Subsecretar\u00eda de Gobierno Municipal inform\u00f3 que se est\u00e1 desarrollando el trabajo program\u00e1tico planificado para este a\u00f1o en las localidades del Partido de Olavarr\u00eda.<\/p>\n<p>&nbsp;<\/p>\n<p>En este sentido, el s<strong>ubsecretario de Gobierno Emilio Vitale<\/strong> dijo \u201cse est\u00e1n llevando adelante distintos trabajos planificados para este 2022. Desde la Subsecretaria se diagramaron, en conjunto con la Secretar\u00eda de Obras P\u00fablicas y con las distintas delegaciones, trabajos de mantenimiento de calles, cunetas y canales, bacheo, cortes de pastos y desmalezados de diferentes espacios en las localidades\u201d.<\/p>\n<p>&nbsp;<\/p>\n<p><img data-recalc-dims=\"1\" loading=\"lazy\" decoding=\"async\" class=\"aligncenter size-full wp-image-48619\" src=\"https:\/\/i0.wp.com\/cdnoticias.com\/wp-content\/uploads\/2022\/03\/localidadestrab-2.jpg?resize=800%2C600&#038;ssl=1\" alt=\"\" width=\"800\" height=\"600\" srcset=\"https:\/\/i0.wp.com\/cdnoticias.com\/wp-content\/uploads\/2022\/03\/localidadestrab-2.jpg?w=1280&amp;ssl=1 1280w, https:\/\/i0.wp.com\/cdnoticias.com\/wp-content\/uploads\/2022\/03\/localidadestrab-2.jpg?resize=300%2C225&amp;ssl=1 300w, https:\/\/i0.wp.com\/cdnoticias.com\/wp-content\/uploads\/2022\/03\/localidadestrab-2.jpg?resize=1024%2C768&amp;ssl=1 1024w, https:\/\/i0.wp.com\/cdnoticias.com\/wp-content\/uploads\/2022\/03\/localidadestrab-2.jpg?resize=768%2C576&amp;ssl=1 768w\" sizes=\"auto, (max-width: 800px) 100vw, 800px\" \/><\/p>\n<p>&nbsp;<\/p>\n<p>\u201cAs\u00ed, iniciamos trabajos de mantenimiento de calles en la localidad de <strong>Colonia San Miguel<\/strong>, bacheo en <strong>Santa Luisa<\/strong> con recursos municipales\u201d, a\u00f1adi\u00f3.<\/p>\n<p>&nbsp;<\/p>\n<p>Adem\u00e1s, el propio Vitale destac\u00f3 que \u201cen <strong>Sierras Bayas<\/strong> llevamos a cabo la limpieza de distintas zonas luego de las intensas lluvias de los \u00faltimos d\u00edas y el material se utiliz\u00f3 nuevamente para la mejora de calles de ripio\u201d.<\/p>\n<p>&nbsp;<\/p>\n<p>Por su parte, desde la subsecretar\u00eda de Gobierno se inform\u00f3 que en <strong>Loma Negra<\/strong> se iniciaron trabajos de rectificaci\u00f3n y calificaci\u00f3n de calles para una mejor transitividad de la zona utilizada por muchos camiones diariamente.<\/p>\n<p>&nbsp;<\/p>\n<p><img data-recalc-dims=\"1\" loading=\"lazy\" decoding=\"async\" class=\"aligncenter size-full wp-image-48622\" src=\"https:\/\/i0.wp.com\/cdnoticias.com\/wp-content\/uploads\/2022\/03\/localidadestrab-5.jpg?resize=800%2C600&#038;ssl=1\" alt=\"\" width=\"800\" height=\"600\" srcset=\"https:\/\/i0.wp.com\/cdnoticias.com\/wp-content\/uploads\/2022\/03\/localidadestrab-5.jpg?w=1599&amp;ssl=1 1599w, https:\/\/i0.wp.com\/cdnoticias.com\/wp-content\/uploads\/2022\/03\/localidadestrab-5.jpg?resize=300%2C225&amp;ssl=1 300w, https:\/\/i0.wp.com\/cdnoticias.com\/wp-content\/uploads\/2022\/03\/localidadestrab-5.jpg?resize=1024%2C768&amp;ssl=1 1024w, https:\/\/i0.wp.com\/cdnoticias.com\/wp-content\/uploads\/2022\/03\/localidadestrab-5.jpg?resize=768%2C576&amp;ssl=1 768w, https:\/\/i0.wp.com\/cdnoticias.com\/wp-content\/uploads\/2022\/03\/localidadestrab-5.jpg?resize=1536%2C1153&amp;ssl=1 1536w\" sizes=\"auto, (max-width: 800px) 100vw, 800px\" \/><\/p>\n<p>&nbsp;<\/p>\n<p>Asimismo, Emilio Vitale destac\u00f3 que \u201cla semana pasada en <strong>Hinojo y Colonia Hinojo<\/strong> se trabaj\u00f3 en el mantenimiento de calles en los barrios La Hermita y Almirante Brown\u201d.<\/p>\n<p>&nbsp;<\/p>\n<p>Finalmente, el funcionario resalt\u00f3 que \u201cpodemos llevar a cabo estos trabajos que programamos en gran medida por la adquisici\u00f3n de maquinaria y herramientas que hizo el Municipio por casi tres millones de pesos que incluyen tractores, desmalezadoras, motosierras y sopladores\u201d.<\/p>\n","protected":false},"excerpt":{"rendered":"<p>Comprende tareas en Colonia San Miguel, Sierras Bayas, Hinojo, Colonia Hinojo y Loma Negra.<\/p>\n","protected":false},"author":5,"featured_media":48621,"comment_status":"closed","ping_status":"closed","sticky":false,"template":"","format":"standard","meta":{"_jetpack_memberships_contains_paid_content":false,"footnotes":""},"categories":[5,1],"tags":[],"class_list":["post-48617","post","type-post","status-publish","format-standard","has-post-thumbnail","hentry","category-informacion-general","category-portada"],"jetpack_featured_media_url":"https:\/\/i0.wp.com\/cdnoticias.com\/wp-content\/uploads\/2022\/03\/localidadestrab-4.jpg?fit=1280%2C960&ssl=1","jetpack_sharing_enabled":true,"_links":{"self":[{"href":"https:\/\/cdnoticias.com\/index.php\/wp-json\/wp\/v2\/posts\/48617","targetHints":{"allow":["GET"]}}],"collection":[{"href":"https:\/\/cdnoticias.com\/index.php\/wp-json\/wp\/v2\/posts"}],"about":[{"href":"https:\/\/cdnoticias.com\/index.php\/wp-json\/wp\/v2\/types\/post"}],"author":[{"embeddable":true,"href":"https:\/\/cdnoticias.com\/index.php\/wp-json\/wp\/v2\/users\/5"}],"replies":[{"embeddable":true,"href":"https:\/\/cdnoticias.com\/index.php\/wp-json\/wp\/v2\/comments?post=48617"}],"version-history":[{"count":0,"href":"https:\/\/cdnoticias.com\/index.php\/wp-json\/wp\/v2\/posts\/48617\/revisions"}],"wp:featuredmedia":[{"embeddable":true,"href":"https:\/\/cdnoticias.com\/index.php\/wp-json\/wp\/v2\/media\/48621"}],"wp:attachment":[{"href":"https:\/\/cdnoticias.com\/index.php\/wp-json\/wp\/v2\/media?parent=48617"}],"wp:term":[{"taxonomy":"category","embeddable":true,"href":"https:\/\/cdnoticias.com\/index.php\/wp-json\/wp\/v2\/categories?post=48617"},{"taxonomy":"post_tag","embeddable":true,"href":"https:\/\/cdnoticias.com\/index.php\/wp-json\/wp\/v2\/tags?post=48617"}],"curies":[{"name":"wp","href":"https:\/\/api.w.org\/{rel}","templated":true}]}}