{"id":48614,"date":"2022-03-09T20:01:22","date_gmt":"2022-03-09T23:01:22","guid":{"rendered":"https:\/\/www.centraldenoticias.com.ar\/?p=48614"},"modified":"2022-03-10T08:17:36","modified_gmt":"2022-03-10T11:17:36","slug":"violento-asalto-puse-el-negocio-en-venta-no-quiero-que-nos-pase-mas-nada","status":"publish","type":"post","link":"https:\/\/cdnoticias.com\/index.php\/2022\/03\/09\/violento-asalto-puse-el-negocio-en-venta-no-quiero-que-nos-pase-mas-nada\/","title":{"rendered":"Violento asalto: \u201cPuse el negocio en venta, no quiero que nos pase m\u00e1s nada\u201d"},"content":{"rendered":"<p>As\u00ed lo relat\u00f3 un comerciante del barrio Los Robles. El \u00faltimo lunes asaltaron y golpearon a su hijo. \u201cMe tocaron un hijo, es lo peor que te puede pasar\u201d, narr\u00f3.\u00a0Video del asalto.<\/p>\n<p><!--more--><\/p>\n<hr \/>\n<p>En la noche del \u00faltimo lunes un comercio del barrio Los Robles fue sede de un violento hecho en el que <strong>un joven fue golpeado a \u201cculatazos\u201d por dos asaltantes<\/strong>, quienes tras la agresi\u00f3n huyeron con dinero en efectivo y otras pertenencias.<\/p>\n<p>&nbsp;<\/p>\n<p>Daniel Seguel, el titular del comercio, dialog\u00f3 con <em><strong>Central de Noticias<\/strong><\/em> y narr\u00f3 que todo sucedi\u00f3 <strong>alrededor de las 20:30, cuando su hijo se encontraba al frente del local<\/strong>. En ese marco dos desconocidos irrumpieron en el lugar y desde su ingreso dejaron en claro cu\u00e1les eran sus intenciones.<\/p>\n<p>&nbsp;<\/p>\n<p><strong>Armados, con el rostro cubierto<\/strong>\u00a0redujeron r\u00e1pidamente a la v\u00edctima a la que no solo amenazaron, sino que adem\u00e1s golpearon con el arma, ocasion\u00e1ndole un corte en la cabeza. Tal es as\u00ed que al joven se le debieron practicar <strong>varios puntos de sutura, adem\u00e1s de diversas curaciones.<\/strong><\/p>\n<p>&nbsp;<\/p>\n<div class=\"jetpack-video-wrapper\"><iframe loading=\"lazy\" title=\"Violento asalto: \u201cPuse el negocio en venta, no quiero que nos pase m\u00e1s nada\u201d\" width=\"800\" height=\"450\" src=\"https:\/\/www.youtube.com\/embed\/70WajIwX43o?feature=oembed\" frameborder=\"0\" allow=\"accelerometer; autoplay; clipboard-write; encrypted-media; gyroscope; picture-in-picture\" allowfullscreen><\/iframe><\/div>\n<p>&nbsp;<\/p>\n<p><strong>\u201cMe tocaron un hijo, es lo peor que te puede pasar\u201d,<\/strong> narr\u00f3 Seguel a medida que daba cuenta que hace ya 4 a\u00f1os que cuenta con el comercio que se encuentra ubicado sobre Rossi entre Italia y Alsina.<\/p>\n<p>&nbsp;<\/p>\n<p><strong>\u201cPuse el negocio en venta, no quiero que nos pase m\u00e1s nada\u201d<\/strong>, enfatiz\u00f3 segundos despu\u00e9s mientras detallaba que no es la primera vez que sufren un hecho delictivo pero jam\u00e1s con este grado de violencia.<\/p>\n<p>&nbsp;<\/p>\n<p>La investigaci\u00f3n del caso ya se encuentra en manos de la\u00a0 fiscal\u00eda en turno y <strong>desde la DDI tanto como de comisar\u00eda Primera y polic\u00eda Cient\u00edfica se llevaron adelante diversas medidas averiguaciones<\/strong>. Por \u00faltimo, Seguel no quiso dejar pasar la ocasi\u00f3n para reclamar por m\u00e1s presencia policial, poniendo el acento en las extensas cuadr\u00edculas que se deben cubrir en las labores preventivas desde el Comando de Patrullas.<\/p>\n","protected":false},"excerpt":{"rendered":"<p>As\u00ed lo relat\u00f3 un comerciante del barrio Los Robles. El \u00faltimo lunes asaltaron y golpearon a su hijo. \u201cMe tocaron<\/p>\n","protected":false},"author":3,"featured_media":48616,"comment_status":"closed","ping_status":"closed","sticky":false,"template":"","format":"standard","meta":{"_jetpack_memberships_contains_paid_content":false,"footnotes":""},"categories":[14,1],"tags":[],"class_list":["post-48614","post","type-post","status-publish","format-standard","has-post-thumbnail","hentry","category-policiales","category-portada"],"jetpack_featured_media_url":"https:\/\/i0.wp.com\/cdnoticias.com\/wp-content\/uploads\/2022\/03\/asalto.jpg?fit=800%2C445&ssl=1","jetpack_sharing_enabled":true,"_links":{"self":[{"href":"https:\/\/cdnoticias.com\/index.php\/wp-json\/wp\/v2\/posts\/48614","targetHints":{"allow":["GET"]}}],"collection":[{"href":"https:\/\/cdnoticias.com\/index.php\/wp-json\/wp\/v2\/posts"}],"about":[{"href":"https:\/\/cdnoticias.com\/index.php\/wp-json\/wp\/v2\/types\/post"}],"author":[{"embeddable":true,"href":"https:\/\/cdnoticias.com\/index.php\/wp-json\/wp\/v2\/users\/3"}],"replies":[{"embeddable":true,"href":"https:\/\/cdnoticias.com\/index.php\/wp-json\/wp\/v2\/comments?post=48614"}],"version-history":[{"count":0,"href":"https:\/\/cdnoticias.com\/index.php\/wp-json\/wp\/v2\/posts\/48614\/revisions"}],"wp:featuredmedia":[{"embeddable":true,"href":"https:\/\/cdnoticias.com\/index.php\/wp-json\/wp\/v2\/media\/48616"}],"wp:attachment":[{"href":"https:\/\/cdnoticias.com\/index.php\/wp-json\/wp\/v2\/media?parent=48614"}],"wp:term":[{"taxonomy":"category","embeddable":true,"href":"https:\/\/cdnoticias.com\/index.php\/wp-json\/wp\/v2\/categories?post=48614"},{"taxonomy":"post_tag","embeddable":true,"href":"https:\/\/cdnoticias.com\/index.php\/wp-json\/wp\/v2\/tags?post=48614"}],"curies":[{"name":"wp","href":"https:\/\/api.w.org\/{rel}","templated":true}]}}