{"id":48612,"date":"2022-03-10T08:16:23","date_gmt":"2022-03-10T11:16:23","guid":{"rendered":"https:\/\/www.centraldenoticias.com.ar\/?p=48612"},"modified":"2022-03-10T11:09:44","modified_gmt":"2022-03-10T14:09:44","slug":"a-traves-del-dialogo-debemos-buscar-consensos-para-darle-una-solucion-a-los-argentinos","status":"publish","type":"post","link":"https:\/\/cdnoticias.com\/index.php\/2022\/03\/10\/a-traves-del-dialogo-debemos-buscar-consensos-para-darle-una-solucion-a-los-argentinos\/","title":{"rendered":"\u201cA trav\u00e9s del di\u00e1logo debemos buscar consensos para darle una soluci\u00f3n a los argentinos\u201d"},"content":{"rendered":"<p>De esa manera se proclam\u00f3 el presidente de la C\u00e1mara de Diputados, Sergio Massa, sobre el acuerdo con el FMI.<!--more--><\/p>\n<hr \/>\n<p>En declaraciones radiales,<strong> el presidente de la C\u00e1mara de Diputados, Sergio Massa, indic\u00f3 sobre el tratamiento del acuerdo con el FMI<\/strong>, que se est\u00e1 llevando en el Congreso de la Naci\u00f3n, que <strong>\u201cestamos dialogando con todas las fuerzas pol\u00edticas del parlamento buscando una herramienta que le de a la Argentina, no solo al Gobierno, un instrumento para no caer en default\u201d<\/strong>.<\/p>\n<p>&nbsp;<\/p>\n<p>Asimismo, Massa se refiri\u00f3 a su rol como titular del cuerpo legislativo al ratificar que \u201ca trav\u00e9s del di\u00e1logo con todos los sectores de la pol\u00edtica argentina con responsabilidad, seriedad y pensando en el pa\u00eds, <strong>todos pongamos un granito de arena, todos cedamos algo<\/strong>, para darle a la Argentina la posibilidad de tener resuelto este problema\u201d.<\/p>\n<p>&nbsp;<\/p>\n<blockquote><p>\u201cEs la primera vez que un acuerdo con el Fondo se discute en el Congreso y eso es una decisi\u00f3n del presidente Alberto Fern\u00e1ndez y tiene que ver con una mirada a largo plazo, de devolverle la capacidad al parlamento de controlar los endeudamientos\u201d, ponder\u00f3 Massa, al tiempo que afirm\u00f3 que \u201cdebemos afrontarla con el mayor grado de responsabilidad para buscar consensos y darle una soluci\u00f3n a los argentinos\u201d.<\/p><\/blockquote>\n<p>&nbsp;<\/p>\n<p>\u201cTodas las opiniones pueden contribuir a encontrar una herramienta jur\u00eddica que le d\u00e9 la mayor fortaleza posible a un acuerdo de la Argentina con el Fondo\u201d, se\u00f1al\u00f3 el titular de la C\u00e1mara baja. En ese sentido, manifest\u00f3 que <strong>\u201ctrataremos de encontrar un equilibrio entre lo que la Argentina necesita para salir de esta situaci\u00f3n y lo que las diferentes fuerzas pol\u00edticas proponen, esa es mi responsabilidad<\/strong> y ese es mi compromiso, adem\u00e1s, con el Presidente de la Naci\u00f3n\u201d, concluy\u00f3.<\/p>\n","protected":false},"excerpt":{"rendered":"<p>De esa manera se proclam\u00f3 el presidente de la C\u00e1mara de Diputados, Sergio Massa, sobre el acuerdo con el FMI.<\/p>\n","protected":false},"author":3,"featured_media":40769,"comment_status":"closed","ping_status":"closed","sticky":false,"template":"","format":"standard","meta":{"_jetpack_memberships_contains_paid_content":false,"footnotes":""},"categories":[6,1],"tags":[],"class_list":["post-48612","post","type-post","status-publish","format-standard","has-post-thumbnail","hentry","category-nacionales","category-portada"],"jetpack_featured_media_url":"https:\/\/i0.wp.com\/cdnoticias.com\/wp-content\/uploads\/2021\/12\/WhatsApp-Image-2021-12-07-at-16.12.09-1.jpeg?fit=1280%2C853&ssl=1","jetpack_sharing_enabled":true,"_links":{"self":[{"href":"https:\/\/cdnoticias.com\/index.php\/wp-json\/wp\/v2\/posts\/48612","targetHints":{"allow":["GET"]}}],"collection":[{"href":"https:\/\/cdnoticias.com\/index.php\/wp-json\/wp\/v2\/posts"}],"about":[{"href":"https:\/\/cdnoticias.com\/index.php\/wp-json\/wp\/v2\/types\/post"}],"author":[{"embeddable":true,"href":"https:\/\/cdnoticias.com\/index.php\/wp-json\/wp\/v2\/users\/3"}],"replies":[{"embeddable":true,"href":"https:\/\/cdnoticias.com\/index.php\/wp-json\/wp\/v2\/comments?post=48612"}],"version-history":[{"count":0,"href":"https:\/\/cdnoticias.com\/index.php\/wp-json\/wp\/v2\/posts\/48612\/revisions"}],"wp:featuredmedia":[{"embeddable":true,"href":"https:\/\/cdnoticias.com\/index.php\/wp-json\/wp\/v2\/media\/40769"}],"wp:attachment":[{"href":"https:\/\/cdnoticias.com\/index.php\/wp-json\/wp\/v2\/media?parent=48612"}],"wp:term":[{"taxonomy":"category","embeddable":true,"href":"https:\/\/cdnoticias.com\/index.php\/wp-json\/wp\/v2\/categories?post=48612"},{"taxonomy":"post_tag","embeddable":true,"href":"https:\/\/cdnoticias.com\/index.php\/wp-json\/wp\/v2\/tags?post=48612"}],"curies":[{"name":"wp","href":"https:\/\/api.w.org\/{rel}","templated":true}]}}