{"id":4861,"date":"2020-10-25T18:02:57","date_gmt":"2020-10-25T21:02:57","guid":{"rendered":"http:\/\/www.centraldenoticias.com.ar\/?p=4861"},"modified":"2020-10-25T20:09:24","modified_gmt":"2020-10-25T23:09:24","slug":"este-lunes-el-programa-rta-estara-en-los-barrios-lourdes-y-aoma","status":"publish","type":"post","link":"https:\/\/cdnoticias.com\/index.php\/2020\/10\/25\/este-lunes-el-programa-rta-estara-en-los-barrios-lourdes-y-aoma\/","title":{"rendered":"Este lunes el programa RTA estar\u00e1 en los barrios Lourdes y AOMA"},"content":{"rendered":"<p>Se trata de la segunda jornada de la segunda etapa del programa de detecci\u00f3n intensiva de casos de Covid19. <strong>C\u00f3mo ser\u00e1 el programa durante el resto de la semana.<\/strong><\/p>\n<p><!--more--><\/p>\n<hr \/>\n<p>Este lunes seguir\u00e1 en marcha el denominado <strong>programa RTA, de Rastrear, Testear y Aislar que viene llevando a cabo el municipio en todo el partido de Olavarr\u00eda en b\u00fasqueda de casos de Covid19.<\/strong><\/p>\n<p>&nbsp;<\/p>\n<p>Tal es as\u00ed que en la jornada del \u00faltimo s\u00e1bado, en lo que marc\u00f3 el inicio de esta segunda etapa, <strong>una veintena de hisopados se llevaron a cabo en Espigas y Blanca Grande, donde afortunadamente todos resultaron negativos.<\/strong><\/p>\n<p>&nbsp;<\/p>\n<p><img data-recalc-dims=\"1\" loading=\"lazy\" decoding=\"async\" class=\"alignnone size-large wp-image-4820\" src=\"https:\/\/i0.wp.com\/cdnoticias.com\/wp-content\/uploads\/2020\/10\/WhatsApp-Image-2020-10-24-at-17.49.44.jpeg?resize=800%2C800&#038;ssl=1\" alt=\"\" width=\"800\" height=\"800\" srcset=\"https:\/\/i0.wp.com\/cdnoticias.com\/wp-content\/uploads\/2020\/10\/WhatsApp-Image-2020-10-24-at-17.49.44.jpeg?resize=1024%2C1024&amp;ssl=1 1024w, https:\/\/i0.wp.com\/cdnoticias.com\/wp-content\/uploads\/2020\/10\/WhatsApp-Image-2020-10-24-at-17.49.44.jpeg?resize=150%2C150&amp;ssl=1 150w, https:\/\/i0.wp.com\/cdnoticias.com\/wp-content\/uploads\/2020\/10\/WhatsApp-Image-2020-10-24-at-17.49.44.jpeg?resize=300%2C300&amp;ssl=1 300w, https:\/\/i0.wp.com\/cdnoticias.com\/wp-content\/uploads\/2020\/10\/WhatsApp-Image-2020-10-24-at-17.49.44.jpeg?resize=768%2C768&amp;ssl=1 768w, https:\/\/i0.wp.com\/cdnoticias.com\/wp-content\/uploads\/2020\/10\/WhatsApp-Image-2020-10-24-at-17.49.44.jpeg?w=1280&amp;ssl=1 1280w\" sizes=\"auto, (max-width: 800px) 100vw, 800px\" \/><\/p>\n<p>&nbsp;<\/p>\n<p>&nbsp;<\/p>\n<p><strong>Este lunes todo se trasladara, en primer t\u00e9rmino, al Caps 26 y Servicio Territorial 1 que se encuentra ubicado sobre el cruce de la avenida Alberdi y Fassina<\/strong>, frente al barrio Lourdes. Profesionales m\u00e9dicos e integrantes del Comit\u00e9 de Crisis local estar\u00e1n all\u00ed de 10 a 11 para testear a casos sospechosos.<\/p>\n<p>&nbsp;<\/p>\n<p><strong>Culminadas las tareas en ese lugar el operativo se trasladar\u00e1 al Caps del barrio AOMA<\/strong>, donde desde las 12 y hasta las 13 se recibir\u00e1 e hisopar\u00e1 a vecinos que presenten s\u00edntomas compatibles de coronavirus.<\/p>\n<p>&nbsp;<\/p>\n<p><em><strong>El resto de la semana<\/strong><\/em><\/p>\n<p>&nbsp;<\/p>\n<p>La continuidad del RTA se encuentra programada hasta el pr\u00f3ximo viernes inclusive, con el siguiente cronograma:<\/p>\n<p>&nbsp;<\/p>\n<p><em><strong>Martes 27:<\/strong><\/em><\/p>\n<p>&nbsp;<\/p>\n<p>\u00c1rea program\u00e1tica CAPS 23. Lugar: CAPS 23 (Emiliozzi 5936). Horario: 10 a 11 horas.<\/p>\n<p>&nbsp;<\/p>\n<p>\u00c1rea program\u00e1tica CAPS 16 \u2013 Villa Magdalena. Lugar: NIDO Villa Magdalena. Horario: 12 a 13 horas.<\/p>\n<p>&nbsp;<\/p>\n<p><em><strong>Mi\u00e9rcoles 28:<\/strong><\/em><\/p>\n<p>&nbsp;<\/p>\n<p>Para vecinos de Hinojo, Colonia Hinojo, Sierra Chica. Lugar: Club Hinojo (cancha de b\u00e1squet). Horario: 10 a 11 horas.<\/p>\n<p>&nbsp;<\/p>\n<p>Para vecinos de Colonia San Miguel y Sierra Bayas. Lugar: CAPS de Colonia San Miguel (San Mart\u00edn 1295). Horario: 12 a 13 horas.<\/p>\n<p>&nbsp;<\/p>\n<p><em><strong>Jueves 29:<\/strong><\/em><\/p>\n<p>&nbsp;<\/p>\n<p>Para vecinos de Santa Luisa y Dura\u00f1ona. Lugar: CAPS de Santa Luisa. Horario: 10 a 11 horas.<\/p>\n<p>&nbsp;<\/p>\n<p>Loma Negra. Lugar: Club de Loma Negra. Horario: 12 a 13 horas.<\/p>\n<p>&nbsp;<\/p>\n<p><em><strong>Viernes 30:<\/strong><\/em><\/p>\n<p>&nbsp;<\/p>\n<p>\u00c1rea program\u00e1tica CAPS 7. Lugar: CAPS 7 (Av. Pueyrred\u00f3n y Ayacucho). Horario: 10 a 11 horas.<\/p>\n","protected":false},"excerpt":{"rendered":"<p>Se trata de la segunda jornada de la segunda etapa del programa de detecci\u00f3n intensiva de casos de Covid19. C\u00f3mo<\/p>\n","protected":false},"author":3,"featured_media":4802,"comment_status":"closed","ping_status":"closed","sticky":false,"template":"","format":"standard","meta":{"_jetpack_memberships_contains_paid_content":false,"footnotes":""},"categories":[5,1],"tags":[],"class_list":["post-4861","post","type-post","status-publish","format-standard","has-post-thumbnail","hentry","category-informacion-general","category-portada"],"jetpack_featured_media_url":"https:\/\/i0.wp.com\/cdnoticias.com\/wp-content\/uploads\/2020\/10\/WhatsApp-Image-2020-10-24-at-15.00.01-1024x576.jpeg?fit=1024%2C576&ssl=1","jetpack_sharing_enabled":true,"_links":{"self":[{"href":"https:\/\/cdnoticias.com\/index.php\/wp-json\/wp\/v2\/posts\/4861","targetHints":{"allow":["GET"]}}],"collection":[{"href":"https:\/\/cdnoticias.com\/index.php\/wp-json\/wp\/v2\/posts"}],"about":[{"href":"https:\/\/cdnoticias.com\/index.php\/wp-json\/wp\/v2\/types\/post"}],"author":[{"embeddable":true,"href":"https:\/\/cdnoticias.com\/index.php\/wp-json\/wp\/v2\/users\/3"}],"replies":[{"embeddable":true,"href":"https:\/\/cdnoticias.com\/index.php\/wp-json\/wp\/v2\/comments?post=4861"}],"version-history":[{"count":0,"href":"https:\/\/cdnoticias.com\/index.php\/wp-json\/wp\/v2\/posts\/4861\/revisions"}],"wp:featuredmedia":[{"embeddable":true,"href":"https:\/\/cdnoticias.com\/index.php\/wp-json\/wp\/v2\/media\/4802"}],"wp:attachment":[{"href":"https:\/\/cdnoticias.com\/index.php\/wp-json\/wp\/v2\/media?parent=4861"}],"wp:term":[{"taxonomy":"category","embeddable":true,"href":"https:\/\/cdnoticias.com\/index.php\/wp-json\/wp\/v2\/categories?post=4861"},{"taxonomy":"post_tag","embeddable":true,"href":"https:\/\/cdnoticias.com\/index.php\/wp-json\/wp\/v2\/tags?post=4861"}],"curies":[{"name":"wp","href":"https:\/\/api.w.org\/{rel}","templated":true}]}}