{"id":48600,"date":"2022-03-09T17:49:07","date_gmt":"2022-03-09T20:49:07","guid":{"rendered":"https:\/\/www.centraldenoticias.com.ar\/?p=48600"},"modified":"2022-03-09T20:08:16","modified_gmt":"2022-03-09T23:08:16","slug":"llegan-a-olavarria-equipos-e-infraestructura-para-reparar-las-vias-tras-el-descarrilamiento","status":"publish","type":"post","link":"https:\/\/cdnoticias.com\/index.php\/2022\/03\/09\/llegan-a-olavarria-equipos-e-infraestructura-para-reparar-las-vias-tras-el-descarrilamiento\/","title":{"rendered":"Llegan a Olavarr\u00eda equipos e infraestructura para reparar las v\u00edas tras el descarrilamiento"},"content":{"rendered":"<p>Provienen desde el sur bonaerense, aunque en La Madrid tambi\u00e9n se levantaron diversos elementos. Hasta el domingo, como m\u00ednimo, no habr\u00e1n m\u00e1s servicios de Trenes Argentinos.<!--more--><\/p>\n<hr \/>\n<p>En el inicio de la semana Olavarr\u00eda se convirti\u00f3 en sede de una noticia de alcance nacional a partir del <a href=\"https:\/\/cdnoticias.com\/index.php\/2022\/03\/08\/pourtale-descarrilo-el-tren-de-pasajeros-y-hay-al-menos-ocho-heridos\/\" target=\"_blank\" rel=\"noopener\">descarrilamiento de una formaci\u00f3n de pasajeros de Trenes Argentinos a la altura de Pourtal\u00e9<\/a>, cuando se dirig\u00eda con direcci\u00f3n a Bah\u00eda Blanca. El saldo fue de<strong> m\u00e1s de 20 personas con heridas de diversa consideraci\u00f3n y severos da\u00f1os en las v\u00edas<\/strong>, al punto que la firma debi\u00f3<a href=\"https:\/\/cdnoticias.com\/index.php\/2022\/03\/08\/hasta-el-domingo-no-circularan-mas-servicios-de-trenes-argentinos\/\" target=\"_blank\" rel=\"noopener\"> cancelar todos los servicios, como m\u00ednimo, hasta el pr\u00f3ximo domingo.<\/a><\/p>\n<p>&nbsp;<\/p>\n<p><img data-recalc-dims=\"1\" loading=\"lazy\" decoding=\"async\" class=\"alignnone size-full wp-image-48432\" src=\"https:\/\/i0.wp.com\/cdnoticias.com\/wp-content\/uploads\/2022\/03\/tren-00a.jpg?resize=800%2C445&#038;ssl=1\" alt=\"\" width=\"800\" height=\"445\" srcset=\"https:\/\/i0.wp.com\/cdnoticias.com\/wp-content\/uploads\/2022\/03\/tren-00a.jpg?w=1000&amp;ssl=1 1000w, https:\/\/i0.wp.com\/cdnoticias.com\/wp-content\/uploads\/2022\/03\/tren-00a.jpg?resize=300%2C167&amp;ssl=1 300w, https:\/\/i0.wp.com\/cdnoticias.com\/wp-content\/uploads\/2022\/03\/tren-00a.jpg?resize=768%2C427&amp;ssl=1 768w, https:\/\/i0.wp.com\/cdnoticias.com\/wp-content\/uploads\/2022\/03\/tren-00a.jpg?resize=800%2C445&amp;ssl=1 800w\" sizes=\"auto, (max-width: 800px) 100vw, 800px\" \/><\/p>\n<p>&nbsp;<\/p>\n<p>La situaci\u00f3n dio marco adem\u00e1s al inicio de <strong>una investigaci\u00f3n penal encabezada desde el Juzgado Federal de Azul, secretar\u00eda 3, que lidera el doctor Gabriel Di Giulio<\/strong>, para la cual ya se pusieron en marcha diversas diligencias entra las que sobresalen el pedido de <a href=\"https:\/\/cdnoticias.com\/index.php\/2022\/03\/08\/descarrilamiento-se-secuestro-la-caja-negra-y-filmaciones\/\">secuestro de la \u201ccaja negra\u201d y filmaciones<\/a>, adem\u00e1s de la puesta en marcha de diversas medidas de prueba.<\/p>\n<p>&nbsp;<\/p>\n<p><img data-recalc-dims=\"1\" loading=\"lazy\" decoding=\"async\" class=\"alignnone size-full wp-image-48601\" src=\"https:\/\/i0.wp.com\/cdnoticias.com\/wp-content\/uploads\/2022\/03\/tren.jpg?resize=800%2C445&#038;ssl=1\" alt=\"\" width=\"800\" height=\"445\" srcset=\"https:\/\/i0.wp.com\/cdnoticias.com\/wp-content\/uploads\/2022\/03\/tren.jpg?w=800&amp;ssl=1 800w, https:\/\/i0.wp.com\/cdnoticias.com\/wp-content\/uploads\/2022\/03\/tren.jpg?resize=300%2C167&amp;ssl=1 300w, https:\/\/i0.wp.com\/cdnoticias.com\/wp-content\/uploads\/2022\/03\/tren.jpg?resize=768%2C427&amp;ssl=1 768w\" sizes=\"auto, (max-width: 800px) 100vw, 800px\" \/><\/p>\n<p>&nbsp;<\/p>\n<p>Mientras todo ello avanza, est\u00e1 planteado el interrogante acerca de cu\u00e1ndo podr\u00e1 restablecerse el servicio. Es por ello que tambi\u00e9n <strong>ya se iniciaron las tareas para poder reparar las v\u00edas en el sitio donde se produjo el siniestro.<\/strong><\/p>\n<p>&nbsp;<\/p>\n<p><img data-recalc-dims=\"1\" loading=\"lazy\" decoding=\"async\" class=\"alignnone size-full wp-image-48602\" src=\"https:\/\/i0.wp.com\/cdnoticias.com\/wp-content\/uploads\/2022\/03\/tren01.jpg?resize=800%2C445&#038;ssl=1\" alt=\"\" width=\"800\" height=\"445\" srcset=\"https:\/\/i0.wp.com\/cdnoticias.com\/wp-content\/uploads\/2022\/03\/tren01.jpg?w=800&amp;ssl=1 800w, https:\/\/i0.wp.com\/cdnoticias.com\/wp-content\/uploads\/2022\/03\/tren01.jpg?resize=300%2C167&amp;ssl=1 300w, https:\/\/i0.wp.com\/cdnoticias.com\/wp-content\/uploads\/2022\/03\/tren01.jpg?resize=768%2C427&amp;ssl=1 768w\" sizes=\"auto, (max-width: 800px) 100vw, 800px\" \/><\/p>\n<p>&nbsp;<\/p>\n<p>Lo m\u00e1s relevante se dio en las \u00faltimas horas a partir del env\u00edo desde Bah\u00eda Blanca de distintos equipamientos, entre ellos <strong>una gr\u00faa ferroviaria TKRAF para llevar adelante precisamente la remoci\u00f3n de los vagones<\/strong>, para poder avanzar definitivamente en la reparaci\u00f3n de rieles y durmientes.<\/p>\n<p>&nbsp;<\/p>\n<p><img data-recalc-dims=\"1\" loading=\"lazy\" decoding=\"async\" class=\"alignnone size-full wp-image-48603\" src=\"https:\/\/i0.wp.com\/cdnoticias.com\/wp-content\/uploads\/2022\/03\/tren02.jpg?resize=800%2C445&#038;ssl=1\" alt=\"\" width=\"800\" height=\"445\" srcset=\"https:\/\/i0.wp.com\/cdnoticias.com\/wp-content\/uploads\/2022\/03\/tren02.jpg?w=800&amp;ssl=1 800w, https:\/\/i0.wp.com\/cdnoticias.com\/wp-content\/uploads\/2022\/03\/tren02.jpg?resize=300%2C167&amp;ssl=1 300w, https:\/\/i0.wp.com\/cdnoticias.com\/wp-content\/uploads\/2022\/03\/tren02.jpg?resize=768%2C427&amp;ssl=1 768w\" sizes=\"auto, (max-width: 800px) 100vw, 800px\" \/><\/p>\n<p>&nbsp;<\/p>\n<p>En ese sentido, adem\u00e1s del equipamiento espec\u00edfico proveniente del sur bonaerense, <strong>en La Madrid cargaron numerosos durmientes.<\/strong><\/p>\n","protected":false},"excerpt":{"rendered":"<p>Provienen desde el sur bonaerense, aunque en La Madrid tambi\u00e9n se levantaron diversos elementos. Hasta el domingo, como m\u00ednimo, no<\/p>\n","protected":false},"author":3,"featured_media":48604,"comment_status":"closed","ping_status":"closed","sticky":false,"template":"","format":"standard","meta":{"_jetpack_memberships_contains_paid_content":false,"footnotes":""},"categories":[5,1],"tags":[],"class_list":["post-48600","post","type-post","status-publish","format-standard","has-post-thumbnail","hentry","category-informacion-general","category-portada"],"jetpack_featured_media_url":"https:\/\/i0.wp.com\/cdnoticias.com\/wp-content\/uploads\/2022\/03\/tren03.jpg?fit=800%2C445&ssl=1","jetpack_sharing_enabled":true,"_links":{"self":[{"href":"https:\/\/cdnoticias.com\/index.php\/wp-json\/wp\/v2\/posts\/48600","targetHints":{"allow":["GET"]}}],"collection":[{"href":"https:\/\/cdnoticias.com\/index.php\/wp-json\/wp\/v2\/posts"}],"about":[{"href":"https:\/\/cdnoticias.com\/index.php\/wp-json\/wp\/v2\/types\/post"}],"author":[{"embeddable":true,"href":"https:\/\/cdnoticias.com\/index.php\/wp-json\/wp\/v2\/users\/3"}],"replies":[{"embeddable":true,"href":"https:\/\/cdnoticias.com\/index.php\/wp-json\/wp\/v2\/comments?post=48600"}],"version-history":[{"count":0,"href":"https:\/\/cdnoticias.com\/index.php\/wp-json\/wp\/v2\/posts\/48600\/revisions"}],"wp:featuredmedia":[{"embeddable":true,"href":"https:\/\/cdnoticias.com\/index.php\/wp-json\/wp\/v2\/media\/48604"}],"wp:attachment":[{"href":"https:\/\/cdnoticias.com\/index.php\/wp-json\/wp\/v2\/media?parent=48600"}],"wp:term":[{"taxonomy":"category","embeddable":true,"href":"https:\/\/cdnoticias.com\/index.php\/wp-json\/wp\/v2\/categories?post=48600"},{"taxonomy":"post_tag","embeddable":true,"href":"https:\/\/cdnoticias.com\/index.php\/wp-json\/wp\/v2\/tags?post=48600"}],"curies":[{"name":"wp","href":"https:\/\/api.w.org\/{rel}","templated":true}]}}