{"id":48597,"date":"2024-03-18T23:56:28","date_gmt":"2024-03-19T02:56:28","guid":{"rendered":"https:\/\/centraldeportes.com.ar\/?p=48597"},"modified":"2025-02-12T23:42:41","modified_gmt":"2025-02-13T02:42:41","slug":"la-divisional-b-abrio-la-temporada-solo-festejo-lujan","status":"publish","type":"post","link":"https:\/\/cdnoticias.com\/index.php\/2024\/03\/18\/la-divisional-b-abrio-la-temporada-solo-festejo-lujan\/","title":{"rendered":"La Divisional B abri\u00f3 la temporada: solo festej\u00f3 Luj\u00e1n"},"content":{"rendered":"<p>Este \u00faltimo domingo, la categor\u00eda de ascenso de la Liga de F\u00fatbol disput\u00f3, de manera completa, la 1\u00b0 fecha del Torneo Preparaci\u00f3n con un triunfo y un empate.<!--more--><\/p>\n<hr \/>\n<p>A la par de los duelos futbol\u00edsticos del Uni\u00f3n Deportiva Regional, este pasado domingo, cuatro de los cinco equipos part\u00edcipes de la <strong>Divisional B<\/strong> comenzaron oficialmente la temporada 2024.<\/p>\n<p>&nbsp;<\/p>\n<p>Con toda la acci\u00f3n concentrada en el Complejo La Tradici\u00f3n, se disput\u00f3 por completo la <strong>1\u00b0 fecha del Torneo Preparaci\u00f3n<\/strong> y dej\u00f3 como saldo un triunfo y un empate.<\/p>\n<p>&nbsp;<\/p>\n<p>En el primer turno, <strong>Luj\u00e1n<\/strong>, equipo que perdi\u00f3 la categor\u00eda principal la temporada pasada, debut\u00f3 con victoria sobre <strong>Villa Magdalena<\/strong>, mientras que <strong>Recalde<\/strong> e <strong>Independiente<\/strong> no se sacaron diferencias y repartieron puntos.<\/p>\n<p>&nbsp;<\/p>\n<ul>\n<li>\n<h6><strong>Resultados:<\/strong><\/h6>\n<\/li>\n<\/ul>\n<p>&nbsp;<\/p>\n<h6>Primera Divisi\u00f3n<\/h6>\n<p><strong>Villa Magdalena 0 \u2013 1 Luj\u00e1n<\/strong> (Nicol\u00e1s Andreu)<\/p>\n<p><strong>Recalde 0 \u2013 0 Independiente (Colonia San Miguel)<\/strong><\/p>\n<p>Libre: Crotto.<\/p>\n<p>&nbsp;<\/p>\n<p><img data-recalc-dims=\"1\" loading=\"lazy\" decoding=\"async\" class=\"aligncenter size-full wp-image-48599\" src=\"https:\/\/i0.wp.com\/cdnoticias.com\/wp-content\/uploads\/2024\/03\/Posiciones-1%C2%B0-Fecha-TP-Divisional-B-Primera.png?resize=785%2C291&#038;ssl=1\" alt=\"\" width=\"785\" height=\"291\" \/><\/p>\n<p>&nbsp;<\/p>\n<h6>Reserva<\/h6>\n<p>Villa Magdalena<strong> 0 \u2013 1<\/strong> Luj\u00e1n (Claudio Vivas)<\/p>\n<p>Recalde <strong>0 \u2013 0<\/strong> Independiente (Colonia San Miguel)<\/p>\n<p>Libre: Crotto.<\/p>\n<p>&nbsp;<\/p>\n<p><img data-recalc-dims=\"1\" loading=\"lazy\" decoding=\"async\" class=\"aligncenter size-full wp-image-48600\" src=\"https:\/\/i0.wp.com\/cdnoticias.com\/wp-content\/uploads\/2024\/03\/Posiciones-1%C2%B0-Fecha-TP-Divisional-B-Reserva.png?resize=787%2C295&#038;ssl=1\" alt=\"\" width=\"787\" height=\"295\" \/><\/p>\n<hr \/>\n<ul>\n<li>\n<h6><strong>Pr\u00f3xima fecha (2\u00b0):<\/strong><\/h6>\n<\/li>\n<\/ul>\n<p><img data-recalc-dims=\"1\" loading=\"lazy\" decoding=\"async\" class=\"aligncenter size-full wp-image-48601\" src=\"https:\/\/i0.wp.com\/cdnoticias.com\/wp-content\/uploads\/2024\/03\/Fecha-2-TP-Divisional-B.png?resize=455%2C116&#038;ssl=1\" alt=\"\" width=\"455\" height=\"116\" \/><\/p>\n","protected":false},"excerpt":{"rendered":"<p>Este \u00faltimo domingo, la categor\u00eda de ascenso de la Liga de F\u00fatbol disput\u00f3, de manera completa, la 1\u00b0 fecha del<\/p>\n","protected":false},"author":96739694,"featured_media":160093,"comment_status":"closed","ping_status":"closed","sticky":false,"template":"","format":"standard","meta":{"_jetpack_memberships_contains_paid_content":false,"footnotes":""},"categories":[35,1,41],"tags":[],"class_list":["post-48597","post","type-post","status-publish","format-standard","has-post-thumbnail","hentry","category-futbol","category-portada","category-primera-y-reserva"],"jetpack_featured_media_url":"https:\/\/i0.wp.com\/cdnoticias.com\/wp-content\/uploads\/2024\/03\/Lujan-Divisional-B.jpeg?fit=620%2C329&ssl=1","jetpack_sharing_enabled":true,"_links":{"self":[{"href":"https:\/\/cdnoticias.com\/index.php\/wp-json\/wp\/v2\/posts\/48597","targetHints":{"allow":["GET"]}}],"collection":[{"href":"https:\/\/cdnoticias.com\/index.php\/wp-json\/wp\/v2\/posts"}],"about":[{"href":"https:\/\/cdnoticias.com\/index.php\/wp-json\/wp\/v2\/types\/post"}],"author":[{"embeddable":true,"href":"https:\/\/cdnoticias.com\/index.php\/wp-json\/wp\/v2\/users\/96739694"}],"replies":[{"embeddable":true,"href":"https:\/\/cdnoticias.com\/index.php\/wp-json\/wp\/v2\/comments?post=48597"}],"version-history":[{"count":0,"href":"https:\/\/cdnoticias.com\/index.php\/wp-json\/wp\/v2\/posts\/48597\/revisions"}],"wp:featuredmedia":[{"embeddable":true,"href":"https:\/\/cdnoticias.com\/index.php\/wp-json\/wp\/v2\/media\/160093"}],"wp:attachment":[{"href":"https:\/\/cdnoticias.com\/index.php\/wp-json\/wp\/v2\/media?parent=48597"}],"wp:term":[{"taxonomy":"category","embeddable":true,"href":"https:\/\/cdnoticias.com\/index.php\/wp-json\/wp\/v2\/categories?post=48597"},{"taxonomy":"post_tag","embeddable":true,"href":"https:\/\/cdnoticias.com\/index.php\/wp-json\/wp\/v2\/tags?post=48597"}],"curies":[{"name":"wp","href":"https:\/\/api.w.org\/{rel}","templated":true}]}}