{"id":48588,"date":"2022-03-09T16:12:07","date_gmt":"2022-03-09T19:12:07","guid":{"rendered":"https:\/\/www.centraldenoticias.com.ar\/?p=48588"},"modified":"2022-03-09T17:51:36","modified_gmt":"2022-03-09T20:51:36","slug":"trabajadores-de-ola-bus-levantaron-medidas-ante-una-promesa-de-pago","status":"publish","type":"post","link":"https:\/\/cdnoticias.com\/index.php\/2022\/03\/09\/trabajadores-de-ola-bus-levantaron-medidas-ante-una-promesa-de-pago\/","title":{"rendered":"Trabajadores de Ola Bus levantaron medidas ante una promesa de pago"},"content":{"rendered":"<p>La novedad fue comunicada por un delegado gremial, quien narr\u00f3 que la empresa se habr\u00eda comprometido en realizar los pagos este jueves.<!--more--><\/p>\n<hr \/>\n<p>En el transcurso de la ma\u00f1ana de este mi\u00e9rcoles se conoci\u00f3 que empleados de Ola Bus se hallaban en <a href=\"https:\/\/cdnoticias.com\/index.php\/2022\/03\/09\/estado-de-alerta-de-los-trabajadores-de-ola-bus\/\" target=\"_blank\" rel=\"noopener\">\u201cestado de alerta<\/a>\u201d debido a que<strong> a la fecha a\u00fan no se les hab\u00edan depositado los salarios correspondientes al mes de febrero.<\/strong><\/p>\n<p>&nbsp;<\/p>\n<p>En ese sentido, se hab\u00eda dado cuenta que <strong>no se descartaba la puesta en marcha de diversas medidas de fuerza, entre ellas la de reducci\u00f3n de servicios<\/strong> hasta que no se realizaran los pagos correspondientes. Inclusive, estaba pautada la realizaci\u00f3n de una asamblea para definir los pasos a seguir.<\/p>\n<p>&nbsp;<\/p>\n<p>No obstante, las novedades comenzaron a darse con el correr de unas pocas horas, ya que <em><strong>Central de Noticias<\/strong><\/em> logr\u00f3 conocer que existi\u00f3 una comunicaci\u00f3n desde la firma hacia los empleados y sus representantes y referentes gremiales, a quien <strong>se les comunic\u00f3 que la acreditaci\u00f3n de lo adeudado se realizar\u00eda en la jornada de este mi\u00e9rcoles.<\/strong><\/p>\n<p>&nbsp;<\/p>\n<p>\u201cEntr\u00f3 el subsidio pero no se pudo hacer la transferencia a nuestras cuentas por el horario\u201d, explic\u00f3 a este portal una fuente gremial de la UTA. <strong>\u201cConfiamos en que ma\u00f1ana vamos cobrar y decidimos levantar todo tipo de medidas<\/strong>\u201d, concluy\u00f3.<\/p>\n","protected":false},"excerpt":{"rendered":"<p>La novedad fue comunicada por un delegado gremial, quien narr\u00f3 que la empresa se habr\u00eda comprometido en realizar los pagos<\/p>\n","protected":false},"author":3,"featured_media":11934,"comment_status":"closed","ping_status":"closed","sticky":false,"template":"","format":"standard","meta":{"_jetpack_memberships_contains_paid_content":false,"footnotes":""},"categories":[5,1],"tags":[],"class_list":["post-48588","post","type-post","status-publish","format-standard","has-post-thumbnail","hentry","category-informacion-general","category-portada"],"jetpack_featured_media_url":"https:\/\/i0.wp.com\/cdnoticias.com\/wp-content\/uploads\/2021\/01\/OlaBus.jpg?fit=1040%2C728&ssl=1","jetpack_sharing_enabled":true,"_links":{"self":[{"href":"https:\/\/cdnoticias.com\/index.php\/wp-json\/wp\/v2\/posts\/48588","targetHints":{"allow":["GET"]}}],"collection":[{"href":"https:\/\/cdnoticias.com\/index.php\/wp-json\/wp\/v2\/posts"}],"about":[{"href":"https:\/\/cdnoticias.com\/index.php\/wp-json\/wp\/v2\/types\/post"}],"author":[{"embeddable":true,"href":"https:\/\/cdnoticias.com\/index.php\/wp-json\/wp\/v2\/users\/3"}],"replies":[{"embeddable":true,"href":"https:\/\/cdnoticias.com\/index.php\/wp-json\/wp\/v2\/comments?post=48588"}],"version-history":[{"count":0,"href":"https:\/\/cdnoticias.com\/index.php\/wp-json\/wp\/v2\/posts\/48588\/revisions"}],"wp:featuredmedia":[{"embeddable":true,"href":"https:\/\/cdnoticias.com\/index.php\/wp-json\/wp\/v2\/media\/11934"}],"wp:attachment":[{"href":"https:\/\/cdnoticias.com\/index.php\/wp-json\/wp\/v2\/media?parent=48588"}],"wp:term":[{"taxonomy":"category","embeddable":true,"href":"https:\/\/cdnoticias.com\/index.php\/wp-json\/wp\/v2\/categories?post=48588"},{"taxonomy":"post_tag","embeddable":true,"href":"https:\/\/cdnoticias.com\/index.php\/wp-json\/wp\/v2\/tags?post=48588"}],"curies":[{"name":"wp","href":"https:\/\/api.w.org\/{rel}","templated":true}]}}