{"id":48567,"date":"2022-03-09T15:24:33","date_gmt":"2022-03-09T18:24:33","guid":{"rendered":"https:\/\/www.centraldenoticias.com.ar\/?p=48567"},"modified":"2022-03-09T15:24:33","modified_gmt":"2022-03-09T18:24:33","slug":"conversatorio-acerca-del-lugar-de-las-mujeres-en-la-industria-minera","status":"publish","type":"post","link":"https:\/\/cdnoticias.com\/index.php\/2022\/03\/09\/conversatorio-acerca-del-lugar-de-las-mujeres-en-la-industria-minera\/","title":{"rendered":"Conversatorio acerca del lugar de  las mujeres en la industria minera"},"content":{"rendered":"<p>Se llevar\u00e1 a cabo este jueves por la tarde, organizado desde la Subsecretar\u00eda de Miner\u00eda Provincial, que lidera el olavarriense Federico Aguilera. <!--more--><\/p>\n<hr \/>\n<p>En el marco de las actividades realizadas para conmemorar el D\u00eda Internacional de la Mujer Trabajadora, la Subsecretaria de Miner\u00eda provincial realizar\u00e1 <strong>un encuentro con panelistas de distintas \u00e1reas, para avanzar en la visibilizaci\u00f3n e incorporaci\u00f3n de las mujeres en la actividad minera.<\/strong><\/p>\n<p>&nbsp;<\/p>\n<p>El conversatorio titulado <strong>\u201cMiner\u00eda en Deconstrucci\u00f3n: mujeres en la Industria Minera\u201d<\/strong>, se llevar\u00e1 a cabo en Olavarr\u00eda por ser el partido con mayor actividad minera de la provincia, y buscar\u00e1 poder ampliar las voces, necesidades y estrategias a desarrollar en b\u00fasqueda de la igualdad de g\u00e9nero. Ser\u00e1 <strong>este jueves a partir de las 18 en el sal\u00f3n de Soeco, en Lamadrid 2539.<\/strong><\/p>\n<p>&nbsp;<\/p>\n<blockquote><p>Contar\u00e1 con la presencia de Nelba Porcel, trabajadora minera; Soledad Lao, fundadora de MMO (Mujeres Mineras Olavarr\u00eda); Dina Bruno, directora del Centro de Formaci\u00f3n Profesional N\u00b0401; y Micaela Lenzetti, en el rol\u00a0de empresaria minera y representante de la Uni\u00f3n Industrial.<\/p><\/blockquote>\n<p>&nbsp;<\/p>\n<p><strong>La apertura estar\u00e1 a cargo del Subsecretario, Federico Aguilera, y la moderadora ser\u00e1 la directora provincial de pol\u00edtica Minera, Mar\u00eda Laura Delgado<\/strong>, quien buscar\u00e1 la participaci\u00f3n del p\u00fablico que lo desee a fin de convertir este espacio en un verdadero conversatorio. Se espera adem\u00e1s la presencia de referentes locales del \u00e1mbito industrial y tambi\u00e9n funcionarios provinciales.<\/p>\n<p>&nbsp;<\/p>\n<p>Esta actividad es parte del <strong>Ciclo \u201cIgualdadEs\u201d que viene llevando adelante desde el a\u00f1o pasado el Ministerio de producci\u00f3n, Ciencia e Innovaci\u00f3n Tecnol\u00f3gica al que pertenece la cartera de miner\u00eda<\/strong>, como espacios de di\u00e1logo y reflexi\u00f3n para la realizaci\u00f3n de debates con perspectiva de g\u00e9nero en torno a los roles y las necesidades en las diversas \u00e1reas productivas bonaerenses. Adem\u00e1s, se suma a otras acciones que la gesti\u00f3n de Federico Aguilera viene realizando, haciendo siempre eje en lo educativo, la formaci\u00f3n y la b\u00fasqueda de mayor inclusi\u00f3n como formas de potenciar y desarrollar la miner\u00eda en la Provincia.<\/p>\n<p>&nbsp;<\/p>\n<p><strong>Quienes deseen sumarse, no deben pertenecer \u00fanicamente a la actividad minera<\/strong>, sino que se espera una amplia participaci\u00f3n de sectores que puedan verse identificados con el an\u00e1lisis de esta industria, hist\u00f3ricamente masculinizada, que ha comenzado un camino de reflexi\u00f3n para que cada vez m\u00e1s mujeres puedan sumarse.<\/p>\n","protected":false},"excerpt":{"rendered":"<p>Se llevar\u00e1 a cabo este jueves por la tarde, organizado desde la Subsecretar\u00eda de Miner\u00eda Provincial, que lidera el olavarriense<\/p>\n","protected":false},"author":3,"featured_media":48571,"comment_status":"closed","ping_status":"closed","sticky":false,"template":"","format":"standard","meta":{"_jetpack_memberships_contains_paid_content":false,"footnotes":""},"categories":[5,1],"tags":[],"class_list":["post-48567","post","type-post","status-publish","format-standard","has-post-thumbnail","hentry","category-informacion-general","category-portada"],"jetpack_featured_media_url":"https:\/\/i0.wp.com\/cdnoticias.com\/wp-content\/uploads\/2022\/03\/mineria.jpg?fit=800%2C445&ssl=1","jetpack_sharing_enabled":true,"_links":{"self":[{"href":"https:\/\/cdnoticias.com\/index.php\/wp-json\/wp\/v2\/posts\/48567","targetHints":{"allow":["GET"]}}],"collection":[{"href":"https:\/\/cdnoticias.com\/index.php\/wp-json\/wp\/v2\/posts"}],"about":[{"href":"https:\/\/cdnoticias.com\/index.php\/wp-json\/wp\/v2\/types\/post"}],"author":[{"embeddable":true,"href":"https:\/\/cdnoticias.com\/index.php\/wp-json\/wp\/v2\/users\/3"}],"replies":[{"embeddable":true,"href":"https:\/\/cdnoticias.com\/index.php\/wp-json\/wp\/v2\/comments?post=48567"}],"version-history":[{"count":0,"href":"https:\/\/cdnoticias.com\/index.php\/wp-json\/wp\/v2\/posts\/48567\/revisions"}],"wp:featuredmedia":[{"embeddable":true,"href":"https:\/\/cdnoticias.com\/index.php\/wp-json\/wp\/v2\/media\/48571"}],"wp:attachment":[{"href":"https:\/\/cdnoticias.com\/index.php\/wp-json\/wp\/v2\/media?parent=48567"}],"wp:term":[{"taxonomy":"category","embeddable":true,"href":"https:\/\/cdnoticias.com\/index.php\/wp-json\/wp\/v2\/categories?post=48567"},{"taxonomy":"post_tag","embeddable":true,"href":"https:\/\/cdnoticias.com\/index.php\/wp-json\/wp\/v2\/tags?post=48567"}],"curies":[{"name":"wp","href":"https:\/\/api.w.org\/{rel}","templated":true}]}}