{"id":48521,"date":"2022-03-09T09:15:12","date_gmt":"2022-03-09T12:15:12","guid":{"rendered":"https:\/\/www.centraldenoticias.com.ar\/?p=48521"},"modified":"2022-03-09T11:23:29","modified_gmt":"2022-03-09T14:23:29","slug":"pasaron-casi-20-dias-y-la-causa-no-fue-revisada-por-el-fiscal-pineiro","status":"publish","type":"post","link":"https:\/\/cdnoticias.com\/index.php\/2022\/03\/09\/pasaron-casi-20-dias-y-la-causa-no-fue-revisada-por-el-fiscal-pineiro\/","title":{"rendered":"\u201cPasaron casi 20 d\u00edas y la causa no fue revisada por el fiscal Pi\u00f1eiro\u201d"},"content":{"rendered":"<p>Es el mensaje de la mam\u00e1 de Mar\u00eda Sol Carballo quien fue agredida dentro de un boliche con una botella de vidrio. \u201cNo volv\u00ed a salir despu\u00e9s. Me da miedo\u201d dijo la joven.<!--more--><\/p>\n<hr \/>\n<p><strong>En la madrugada del 19 de febrero Mar\u00eda Sol Carballo fue violentamente agredida dentro de un boliche<\/strong> en el barrio Pueblo Nuevo. Le produjeron<strong> cortes en el rostro con una botella de vidrio<\/strong>. En demanda de <strong>\u201cJusticia\u201d y \u201cNo m\u00e1s violentos\u201d<\/strong> este martes sus familiares y amigos se manifestaron en la plaza central y luego se sumaron a la marcha del 8M.<\/p>\n<p>&nbsp;<\/p>\n<p><strong>Central de Noticias<\/strong> habl\u00f3 con <strong>Mar\u00eda Sol y con su mam\u00e1, Carina Schimio<\/strong>, quienes destacaron la <strong>intenci\u00f3n de sumarse al rechazo a la violencia<\/strong>, una de las consignas centrales del D\u00eda Internacional de la Mujer y las Disidencias Trabajadoras.<\/p>\n<p>&nbsp;<\/p>\n<p><img data-recalc-dims=\"1\" loading=\"lazy\" decoding=\"async\" class=\"size-full wp-image-48523 aligncenter\" src=\"https:\/\/i0.wp.com\/cdnoticias.com\/wp-content\/uploads\/2022\/03\/sol-carballo-00.jpg?resize=800%2C445&#038;ssl=1\" alt=\"\" width=\"800\" height=\"445\" srcset=\"https:\/\/i0.wp.com\/cdnoticias.com\/wp-content\/uploads\/2022\/03\/sol-carballo-00.jpg?w=800&amp;ssl=1 800w, https:\/\/i0.wp.com\/cdnoticias.com\/wp-content\/uploads\/2022\/03\/sol-carballo-00.jpg?resize=300%2C167&amp;ssl=1 300w, https:\/\/i0.wp.com\/cdnoticias.com\/wp-content\/uploads\/2022\/03\/sol-carballo-00.jpg?resize=768%2C427&amp;ssl=1 768w\" sizes=\"auto, (max-width: 800px) 100vw, 800px\" \/><\/p>\n<p>&nbsp;<\/p>\n<blockquote><p>\u201cEs pedir \u00b4Ni una menos\u00b4, un slogan que usan las chicas y es lo que queremos. Olavarr\u00eda era una ciudad donde uno pod\u00eda dejar salir a los hijos tranquilos. Mi hija se encontraba en un lugar donde pag\u00f3 una entrada donde se supon\u00eda que iba a estar seguro y nosotros encontramos que no tenemos seguridad ni donde salen nuestros hijos\u201d reflexion\u00f3 Carina.<\/p><\/blockquote>\n<p>&nbsp;<\/p>\n<p>La manifestaci\u00f3n parti\u00f3 desde la plaza por calle Rivadavia a donde se hab\u00edan sumado integrantes de la agrupaci\u00f3n Animate. Se detuvieron en el cruce con Coronel Su\u00e1rez donde <strong>esperaron la llegada de la manifestaci\u00f3n que ya hab\u00eda aunado a la Asamblea Feminista y Disidente y al Frente de Mujeres y Disidencias<\/strong>. All\u00ed <a href=\"https:\/\/cdnoticias.com\/index.php\/2022\/03\/08\/el-grito-de-justicia-por-marcela-y-de-paren-de-matarnos-invadio-las-calles-de-la-ciudad\/\" target=\"_blank\" rel=\"noopener\">se sumaron detr\u00e1s de la primera bandera y continuaron hasta la Comisar\u00eda de la Mujer<\/a>.<\/p>\n<p>&nbsp;<\/p>\n<p><img data-recalc-dims=\"1\" loading=\"lazy\" decoding=\"async\" class=\"size-full wp-image-48525 aligncenter\" src=\"https:\/\/i0.wp.com\/cdnoticias.com\/wp-content\/uploads\/2022\/03\/sol-carballo-01.jpg?resize=800%2C445&#038;ssl=1\" alt=\"\" width=\"800\" height=\"445\" srcset=\"https:\/\/i0.wp.com\/cdnoticias.com\/wp-content\/uploads\/2022\/03\/sol-carballo-01.jpg?w=800&amp;ssl=1 800w, https:\/\/i0.wp.com\/cdnoticias.com\/wp-content\/uploads\/2022\/03\/sol-carballo-01.jpg?resize=300%2C167&amp;ssl=1 300w, https:\/\/i0.wp.com\/cdnoticias.com\/wp-content\/uploads\/2022\/03\/sol-carballo-01.jpg?resize=768%2C427&amp;ssl=1 768w\" sizes=\"auto, (max-width: 800px) 100vw, 800px\" \/><\/p>\n<p>&nbsp;<\/p>\n<p>Mar\u00eda Sol Carballo coment\u00f3 que actualmente se encuentra <strong>\u201cmejor, me duele un poco todav\u00eda\u201d. Sigue en tratamiento a ra\u00edz de las lesiones sufridas<\/strong> y a\u00fan no se descart\u00f3 que tenga que hacerse una cirug\u00eda.<\/p>\n<p>&nbsp;<\/p>\n<p><strong>La joven de 20 a\u00f1os estaba en un local nocturno cuando una persona se acerc\u00f3 y la golpe\u00f3<\/strong>. Ella se defendi\u00f3 y el agresor la amenaz\u00f3 de muerte para retirarse brevemente y <strong>volver a atacarla con una botella de vidrio<\/strong>. En ese contexto <strong>el atacante, a quien la joven conoce, fue retirado del local<\/strong> y ella tambi\u00e9n se retir\u00f3 para recibir asistencia m\u00e9dica.<\/p>\n<p>&nbsp;<\/p>\n<p><img data-recalc-dims=\"1\" loading=\"lazy\" decoding=\"async\" class=\"size-full wp-image-48526 aligncenter\" src=\"https:\/\/i0.wp.com\/cdnoticias.com\/wp-content\/uploads\/2022\/03\/sol-carballo-02.jpg?resize=800%2C445&#038;ssl=1\" alt=\"\" width=\"800\" height=\"445\" srcset=\"https:\/\/i0.wp.com\/cdnoticias.com\/wp-content\/uploads\/2022\/03\/sol-carballo-02.jpg?w=800&amp;ssl=1 800w, https:\/\/i0.wp.com\/cdnoticias.com\/wp-content\/uploads\/2022\/03\/sol-carballo-02.jpg?resize=300%2C167&amp;ssl=1 300w, https:\/\/i0.wp.com\/cdnoticias.com\/wp-content\/uploads\/2022\/03\/sol-carballo-02.jpg?resize=768%2C427&amp;ssl=1 768w\" sizes=\"auto, (max-width: 800px) 100vw, 800px\" \/><\/p>\n<p>&nbsp;<\/p>\n<blockquote><p>\u201cNo volv\u00ed a salir despu\u00e9s. Me da miedo. Me da miedo encontrarlo y que me haga algo, que mande a alguien. Tengo miedo\u201d declar\u00f3 Mar\u00eda Sol sobre las consecuencias del episodio.<\/p><\/blockquote>\n<p>&nbsp;<\/p>\n<p>Seg\u00fan cont\u00f3 Carina Schimio, en los d\u00edas que pasaron desde el 19 de febrero la causa penal ha tenido pocos avances. En ese sentido, explic\u00f3 que <strong>con la manifestaci\u00f3n \u201clo que buscamos es que la Fiscal\u00eda tome cartas en el asunto. Pasaron casi 20 d\u00edas y la causa no fue revisada por el fiscal Pi\u00f1eiro<\/strong> (titular de la UFI N\u00ba 10). Le pido al fiscal que si es padre sepa la desesperaci\u00f3n que tengo, como madre quiero que revise la causa, que est\u00e9 detenido el que hizo esto\u201d plante\u00f3 la mujer.<\/p>\n<p>&nbsp;<\/p>\n<p>Sobre este \u00faltimo punto se\u00f1al\u00f3 que \u201cno cualquiera nos puede pegar o agredirnos de semejante manera y <strong>quedar libre en la ciudad como si nada pasara<\/strong>\u201d.<\/p>\n<p>&nbsp;<\/p>\n<p><img data-recalc-dims=\"1\" loading=\"lazy\" decoding=\"async\" class=\"size-full wp-image-48527 aligncenter\" src=\"https:\/\/i0.wp.com\/cdnoticias.com\/wp-content\/uploads\/2022\/03\/sol-carballo-03.jpg?resize=800%2C445&#038;ssl=1\" alt=\"\" width=\"800\" height=\"445\" srcset=\"https:\/\/i0.wp.com\/cdnoticias.com\/wp-content\/uploads\/2022\/03\/sol-carballo-03.jpg?w=800&amp;ssl=1 800w, https:\/\/i0.wp.com\/cdnoticias.com\/wp-content\/uploads\/2022\/03\/sol-carballo-03.jpg?resize=300%2C167&amp;ssl=1 300w, https:\/\/i0.wp.com\/cdnoticias.com\/wp-content\/uploads\/2022\/03\/sol-carballo-03.jpg?resize=768%2C427&amp;ssl=1 768w\" sizes=\"auto, (max-width: 800px) 100vw, 800px\" \/><\/p>\n<p>&nbsp;<\/p>\n<p>La causa se investiga como <strong>\u201clesiones grav\u00edsimas\u201d<\/strong> y el pedido de Mar\u00eda Sol y Carina es que pase a considerarse \u201cintento de homicidio\u201d.<\/p>\n<p>&nbsp;<\/p>\n<p>En la tarde del martes reiteraron este pedido y <strong>pidieron adem\u00e1s que la UFI N\u00ba 10 cite a los testigos<\/strong> ya que, aseguraron, a\u00fan no lo ha hecho. Asimismo, destacaron que desde la sociedad de fomento en la que funciona el local nocturno pusieron a disposici\u00f3n las im\u00e1genes de las c\u00e1maras de seguridad as\u00ed como tambi\u00e9n valoraron la intenci\u00f3n del personal de seguridad del boliche para presentarse a testificar en favor de la joven agredida.<\/p>\n","protected":false},"excerpt":{"rendered":"<p>Es el mensaje de la mam\u00e1 de Mar\u00eda Sol Carballo quien fue agredida dentro de un boliche con una botella<\/p>\n","protected":false},"author":4,"featured_media":48524,"comment_status":"closed","ping_status":"closed","sticky":false,"template":"","format":"standard","meta":{"_jetpack_memberships_contains_paid_content":false,"footnotes":""},"categories":[14,1],"tags":[],"class_list":["post-48521","post","type-post","status-publish","format-standard","has-post-thumbnail","hentry","category-policiales","category-portada"],"jetpack_featured_media_url":"https:\/\/i0.wp.com\/cdnoticias.com\/wp-content\/uploads\/2022\/03\/sol-carballo-00a.jpg?fit=800%2C445&ssl=1","jetpack_sharing_enabled":true,"_links":{"self":[{"href":"https:\/\/cdnoticias.com\/index.php\/wp-json\/wp\/v2\/posts\/48521","targetHints":{"allow":["GET"]}}],"collection":[{"href":"https:\/\/cdnoticias.com\/index.php\/wp-json\/wp\/v2\/posts"}],"about":[{"href":"https:\/\/cdnoticias.com\/index.php\/wp-json\/wp\/v2\/types\/post"}],"author":[{"embeddable":true,"href":"https:\/\/cdnoticias.com\/index.php\/wp-json\/wp\/v2\/users\/4"}],"replies":[{"embeddable":true,"href":"https:\/\/cdnoticias.com\/index.php\/wp-json\/wp\/v2\/comments?post=48521"}],"version-history":[{"count":0,"href":"https:\/\/cdnoticias.com\/index.php\/wp-json\/wp\/v2\/posts\/48521\/revisions"}],"wp:featuredmedia":[{"embeddable":true,"href":"https:\/\/cdnoticias.com\/index.php\/wp-json\/wp\/v2\/media\/48524"}],"wp:attachment":[{"href":"https:\/\/cdnoticias.com\/index.php\/wp-json\/wp\/v2\/media?parent=48521"}],"wp:term":[{"taxonomy":"category","embeddable":true,"href":"https:\/\/cdnoticias.com\/index.php\/wp-json\/wp\/v2\/categories?post=48521"},{"taxonomy":"post_tag","embeddable":true,"href":"https:\/\/cdnoticias.com\/index.php\/wp-json\/wp\/v2\/tags?post=48521"}],"curies":[{"name":"wp","href":"https:\/\/api.w.org\/{rel}","templated":true}]}}