{"id":4845,"date":"2020-10-25T15:27:53","date_gmt":"2020-10-25T18:27:53","guid":{"rendered":"http:\/\/www.centraldenoticias.com.ar\/?p=4845"},"modified":"2020-10-25T15:27:53","modified_gmt":"2020-10-25T18:27:53","slug":"carlos-ernesto-colombo-q-e-p-d","status":"publish","type":"post","link":"https:\/\/cdnoticias.com\/index.php\/2020\/10\/25\/carlos-ernesto-colombo-q-e-p-d\/","title":{"rendered":"Carlos Ernesto Colombo (Q.E.P.D.)"},"content":{"rendered":"<p>Falleci\u00f3 en La Plata el d\u00eda 24 de Octubre de 2020 a los 64 a\u00f1os de edad. Su esposa Lidia Ciarlariello, sus hijos Leonardo y Ver\u00f3nica Colombo, sus hijos pol\u00edticos Mar\u00eda Jos\u00e9 y Ariel, sus nietos Sof\u00eda, Joaqu\u00edn, Bautista y Lautaro, su hermano Walter Fabi\u00e1n Colombo, sus hermanos pol\u00edticos, su fiel amigo Mauro Gorosito, sus amigos y sus compa\u00f1eros de trabajo y dem\u00e1s deudos participan su fallecimiento.<\/p>\n<p>&nbsp;<\/p>\n<p>No se realiza velatorio ni responso. Sus restos ser\u00e1n inhumados este lunes desde las 9.30 en el cementerio Loma de Paz. Vecino de Barrio Mariano Moreno, nacido en Marcos Paz, jubilado Penitenciario.<\/p>\n","protected":false},"excerpt":{"rendered":"<p>Falleci\u00f3 en La Plata el d\u00eda 24 de Octubre de 2020 a los 64 a\u00f1os de edad. Su esposa Lidia<\/p>\n","protected":false},"author":3,"featured_media":0,"comment_status":"closed","ping_status":"closed","sticky":false,"template":"","format":"standard","meta":{"_jetpack_memberships_contains_paid_content":false,"footnotes":""},"categories":[10],"tags":[],"class_list":["post-4845","post","type-post","status-publish","format-standard","hentry","category-necrologicas"],"jetpack_featured_media_url":"","jetpack_sharing_enabled":true,"_links":{"self":[{"href":"https:\/\/cdnoticias.com\/index.php\/wp-json\/wp\/v2\/posts\/4845","targetHints":{"allow":["GET"]}}],"collection":[{"href":"https:\/\/cdnoticias.com\/index.php\/wp-json\/wp\/v2\/posts"}],"about":[{"href":"https:\/\/cdnoticias.com\/index.php\/wp-json\/wp\/v2\/types\/post"}],"author":[{"embeddable":true,"href":"https:\/\/cdnoticias.com\/index.php\/wp-json\/wp\/v2\/users\/3"}],"replies":[{"embeddable":true,"href":"https:\/\/cdnoticias.com\/index.php\/wp-json\/wp\/v2\/comments?post=4845"}],"version-history":[{"count":0,"href":"https:\/\/cdnoticias.com\/index.php\/wp-json\/wp\/v2\/posts\/4845\/revisions"}],"wp:attachment":[{"href":"https:\/\/cdnoticias.com\/index.php\/wp-json\/wp\/v2\/media?parent=4845"}],"wp:term":[{"taxonomy":"category","embeddable":true,"href":"https:\/\/cdnoticias.com\/index.php\/wp-json\/wp\/v2\/categories?post=4845"},{"taxonomy":"post_tag","embeddable":true,"href":"https:\/\/cdnoticias.com\/index.php\/wp-json\/wp\/v2\/tags?post=4845"}],"curies":[{"name":"wp","href":"https:\/\/api.w.org\/{rel}","templated":true}]}}