{"id":48439,"date":"2022-03-08T16:28:56","date_gmt":"2022-03-08T19:28:56","guid":{"rendered":"https:\/\/www.centraldenoticias.com.ar\/?p=48439"},"modified":"2022-03-08T19:36:24","modified_gmt":"2022-03-08T22:36:24","slug":"descarrilamiento-se-secuestro-la-caja-negra-y-filmaciones","status":"publish","type":"post","link":"https:\/\/cdnoticias.com\/index.php\/2022\/03\/08\/descarrilamiento-se-secuestro-la-caja-negra-y-filmaciones\/","title":{"rendered":"Descarrilamiento: &#8220;Se secuestr\u00f3 la caja negra y filmaciones&#8221;"},"content":{"rendered":"<div dir=\"auto\">Desde el Juzgado Federal de Azul se emiti\u00f3 un comunicado en el que se brindaron detalles de la investigaci\u00f3n.<\/div>\n<p><!--more--><\/p>\n<hr \/>\n<div dir=\"auto\"><\/div>\n<div dir=\"auto\">En la ma\u00f1ana de este martes una formaci\u00f3n de transporte de pasajeros de Trenes Argentinos <a href=\"https:\/\/cdnoticias.com\/index.php\/2022\/03\/08\/pourtale-descarrilo-el-tren-de-pasajeros-y-hay-al-menos-ocho-heridos\/\" target=\"_blank\" rel=\"noopener\">descarril\u00f3 en las cercan\u00edas de Pourtal\u00e9<\/a>, a unos 30 kil\u00f3metros del casco urbano local, dejando como saldo m\u00e1s de 20 personas con diversas heridas.<\/div>\n<p>&nbsp;<\/p>\n<div dir=\"auto\">La investigaci\u00f3n de los hechos recay\u00f3 en el <strong>Juzgado Federal 1 de Azul, Secretar\u00eda 3, que lidera el doctor Gabriel Di Giulio<\/strong>, quien se present\u00f3 en la escena.<\/div>\n<p>&nbsp;<\/p>\n<div dir=\"auto\"><strong>&#8220;Fueron hospitalizadas veintisiete personas con lesiones de distinta consideraci\u00f3n. Algunas personas se encuentran en evaluaci\u00f3n&#8221;<\/strong>, se precis\u00f3 por v\u00edas oficiales.<\/div>\n<p>&nbsp;<\/p>\n<div dir=\"auto\"><img data-recalc-dims=\"1\" loading=\"lazy\" decoding=\"async\" class=\"alignnone size-large wp-image-48431\" src=\"https:\/\/i0.wp.com\/cdnoticias.com\/wp-content\/uploads\/2022\/03\/tren-00.jpg?resize=800%2C445&#038;ssl=1\" alt=\"\" width=\"800\" height=\"445\" srcset=\"https:\/\/i0.wp.com\/cdnoticias.com\/wp-content\/uploads\/2022\/03\/tren-00-scaled.jpg?resize=1024%2C570&amp;ssl=1 1024w, https:\/\/i0.wp.com\/cdnoticias.com\/wp-content\/uploads\/2022\/03\/tren-00-scaled.jpg?resize=300%2C167&amp;ssl=1 300w, https:\/\/i0.wp.com\/cdnoticias.com\/wp-content\/uploads\/2022\/03\/tren-00-scaled.jpg?resize=768%2C427&amp;ssl=1 768w, https:\/\/i0.wp.com\/cdnoticias.com\/wp-content\/uploads\/2022\/03\/tren-00-scaled.jpg?resize=1536%2C855&amp;ssl=1 1536w, https:\/\/i0.wp.com\/cdnoticias.com\/wp-content\/uploads\/2022\/03\/tren-00-scaled.jpg?resize=2048%2C1139&amp;ssl=1 2048w, https:\/\/i0.wp.com\/cdnoticias.com\/wp-content\/uploads\/2022\/03\/tren-00-scaled.jpg?resize=800%2C445&amp;ssl=1 800w, https:\/\/i0.wp.com\/cdnoticias.com\/wp-content\/uploads\/2022\/03\/tren-00-scaled.jpg?w=1600&amp;ssl=1 1600w, https:\/\/i0.wp.com\/cdnoticias.com\/wp-content\/uploads\/2022\/03\/tren-00-scaled.jpg?w=2400&amp;ssl=1 2400w\" sizes=\"auto, (max-width: 800px) 100vw, 800px\" \/><\/div>\n<p>&nbsp;<\/p>\n<div dir=\"auto\">La novedad ahora est\u00e1 dada en que desde Azul se emiti\u00f3 <strong>un comunicado oficial<\/strong> en el que se detall\u00f3 que &#8220;el Juez Federal, Dr. Gabriel H. Di Giulio, dispuso las medidas urgentes y, en horas de la ma\u00f1ana se constituy\u00f3 en el lugar del siniestro asistido por la Secretaria, Dra. Mar\u00eda Julia D\u2019Aloisio&#8221;.<\/div>\n<p>&nbsp;<\/p>\n<div dir=\"auto\">&#8220;Se orden\u00f3 el <strong>secuestro de la caja negra y de las filmaciones<\/strong> y requirieron informes preexistentes del <strong>estado de las v\u00edas, velocidad m\u00e1xima<\/strong>, datos meteorol\u00f3gicos y test practicado al motorman y acompa\u00f1ante antes de la partida de la formaci\u00f3n&#8221;, se indic\u00f3.<\/div>\n<p>&nbsp;<\/p>\n<div dir=\"auto\">A la par, se agreg\u00f3 que &#8220;tambi\u00e9n se dispuso la extracci\u00f3n de muestras para estudio de<strong> alcoholemia y examen toxicol\u00f3gico<\/strong>, la recepci\u00f3n de declaraciones testimoniales y el relevamiento de rastros, documentaci\u00f3n fotogr\u00e1fica y planimetr\u00eda en el \u00e1rea de inter\u00e9s criminal\u00edstico&#8221;.<\/div>\n","protected":false},"excerpt":{"rendered":"<p>Desde el Juzgado Federal de Azul se emiti\u00f3 un comunicado en el que se brindaron detalles de la investigaci\u00f3n.<\/p>\n","protected":false},"author":3,"featured_media":48436,"comment_status":"closed","ping_status":"closed","sticky":false,"template":"","format":"standard","meta":{"_jetpack_memberships_contains_paid_content":false,"footnotes":""},"categories":[14,1],"tags":[],"class_list":["post-48439","post","type-post","status-publish","format-standard","has-post-thumbnail","hentry","category-policiales","category-portada"],"jetpack_featured_media_url":"https:\/\/i0.wp.com\/cdnoticias.com\/wp-content\/uploads\/2022\/03\/tren-03a.jpg?fit=1000%2C556&ssl=1","jetpack_sharing_enabled":true,"_links":{"self":[{"href":"https:\/\/cdnoticias.com\/index.php\/wp-json\/wp\/v2\/posts\/48439","targetHints":{"allow":["GET"]}}],"collection":[{"href":"https:\/\/cdnoticias.com\/index.php\/wp-json\/wp\/v2\/posts"}],"about":[{"href":"https:\/\/cdnoticias.com\/index.php\/wp-json\/wp\/v2\/types\/post"}],"author":[{"embeddable":true,"href":"https:\/\/cdnoticias.com\/index.php\/wp-json\/wp\/v2\/users\/3"}],"replies":[{"embeddable":true,"href":"https:\/\/cdnoticias.com\/index.php\/wp-json\/wp\/v2\/comments?post=48439"}],"version-history":[{"count":0,"href":"https:\/\/cdnoticias.com\/index.php\/wp-json\/wp\/v2\/posts\/48439\/revisions"}],"wp:featuredmedia":[{"embeddable":true,"href":"https:\/\/cdnoticias.com\/index.php\/wp-json\/wp\/v2\/media\/48436"}],"wp:attachment":[{"href":"https:\/\/cdnoticias.com\/index.php\/wp-json\/wp\/v2\/media?parent=48439"}],"wp:term":[{"taxonomy":"category","embeddable":true,"href":"https:\/\/cdnoticias.com\/index.php\/wp-json\/wp\/v2\/categories?post=48439"},{"taxonomy":"post_tag","embeddable":true,"href":"https:\/\/cdnoticias.com\/index.php\/wp-json\/wp\/v2\/tags?post=48439"}],"curies":[{"name":"wp","href":"https:\/\/api.w.org\/{rel}","templated":true}]}}