{"id":4842,"date":"2020-10-25T13:32:32","date_gmt":"2020-10-25T16:32:32","guid":{"rendered":"http:\/\/www.centraldenoticias.com.ar\/?p=4842"},"modified":"2020-10-25T13:36:12","modified_gmt":"2020-10-25T16:36:12","slug":"ezequiel-galli-lanzo-su-propia-agrupacion-de-cara-al-2021","status":"publish","type":"post","link":"https:\/\/cdnoticias.com\/index.php\/2020\/10\/25\/ezequiel-galli-lanzo-su-propia-agrupacion-de-cara-al-2021\/","title":{"rendered":"Ezequiel Galli lanz\u00f3 su propia agrupaci\u00f3n de cara al 2021"},"content":{"rendered":"<p>Se llama \u201cAgrupaci\u00f3n 25 de Octubre\u201d y conmemora el quinto aniversario de su primer triunfo electoral.<!--more--><\/p>\n<hr \/>\n<p>\u201cEl triunfo no es definitivo, el fracaso no es fatal\u201d. La frase pertenece al pol\u00edtico ingles Winston Churchill y Ezequiel Galli la utiliz\u00f3 en la madrugada de este domingo para lanzar <strong>una agrupaci\u00f3n propia en el \u00e1mbito local de Juntos por el Cambio<\/strong>.<\/p>\n<blockquote><p>Se llama \u201cAgrupaci\u00f3n 25 de Octubre\u201d y se lanz\u00f3 justamente este domingo en conmemoraci\u00f3n de la fecha de 2015 que consagr\u00f3 a Galli como intendente en su primer mandato.<\/p><\/blockquote>\n<p>El lanzamiento \u201cinstitucional\u201d fue<strong> por redes sociales<\/strong> ya que debido a la pandemia no se pueden realizar reuniones ni actos.<\/p>\n<p>M\u00e1s all\u00e1 de este formato, la movida muestra a Ezequiel Galli en busca de una \u201c\u00e9pica\u201d de campa\u00f1a victoriosa para plantarse <strong>de cara a las Legislativas de 2021<\/strong>.<\/p>\n<blockquote class=\"twitter-tweet\">\n<p dir=\"ltr\" lang=\"es\">El triunfo no es definitivo, el fracaso no es fatal. WC. <a href=\"https:\/\/twitter.com\/hashtag\/Agrupacion25DeOctubre?src=hash&amp;ref_src=twsrc%5Etfw\">#Agrupacion25DeOctubre<\/a><\/p>\n<p>\u2014 Ezequiel Galli (@ezequielgalli) <a href=\"https:\/\/twitter.com\/ezequielgalli\/status\/1320230230234177536?ref_src=twsrc%5Etfw\">October 25, 2020<\/a><\/p><\/blockquote>\n<p><script async src=\"https:\/\/platform.twitter.com\/widgets.js\" charset=\"utf-8\"><\/script><\/p>\n<p>La nueva agrupaci\u00f3n se inscribe en el Pro y en Juntos por el Cambio y, cabe se\u00f1alar, no es la primera acci\u00f3n del jefe comunal con vistas al a\u00f1o pr\u00f3ximo. En este sentido, ya hace m\u00e1s de un mes que reconoci\u00f3 que <strong>trabaja en un armado seccional conjunto con su par de Azul, Hern\u00e1n Bertellys<\/strong>.<\/p>\n<p>Se trata de los referentes de los distritos con mayor cantidad de votantes de la S\u00e9ptima secci\u00f3n, que en 2021 elegir\u00e1 senadores, alcaldes que a diferencia de las elecciones de 2015 en adelante, pretenden ubicar a su propia gente en las candidaturas seccionales.<\/p>\n","protected":false},"excerpt":{"rendered":"<p>Se llama \u201cAgrupaci\u00f3n 25 de Octubre\u201d y conmemora el quinto aniversario de su primer triunfo electoral.<\/p>\n","protected":false},"author":4,"featured_media":337,"comment_status":"closed","ping_status":"closed","sticky":false,"template":"","format":"standard","meta":{"_jetpack_memberships_contains_paid_content":false,"footnotes":""},"categories":[4,1],"tags":[],"class_list":["post-4842","post","type-post","status-publish","format-standard","has-post-thumbnail","hentry","category-politica","category-portada"],"jetpack_featured_media_url":"https:\/\/i0.wp.com\/cdnoticias.com\/wp-content\/uploads\/2020\/08\/EzequielGalli.jpg?fit=4608%2C3072&ssl=1","jetpack_sharing_enabled":true,"_links":{"self":[{"href":"https:\/\/cdnoticias.com\/index.php\/wp-json\/wp\/v2\/posts\/4842","targetHints":{"allow":["GET"]}}],"collection":[{"href":"https:\/\/cdnoticias.com\/index.php\/wp-json\/wp\/v2\/posts"}],"about":[{"href":"https:\/\/cdnoticias.com\/index.php\/wp-json\/wp\/v2\/types\/post"}],"author":[{"embeddable":true,"href":"https:\/\/cdnoticias.com\/index.php\/wp-json\/wp\/v2\/users\/4"}],"replies":[{"embeddable":true,"href":"https:\/\/cdnoticias.com\/index.php\/wp-json\/wp\/v2\/comments?post=4842"}],"version-history":[{"count":0,"href":"https:\/\/cdnoticias.com\/index.php\/wp-json\/wp\/v2\/posts\/4842\/revisions"}],"wp:featuredmedia":[{"embeddable":true,"href":"https:\/\/cdnoticias.com\/index.php\/wp-json\/wp\/v2\/media\/337"}],"wp:attachment":[{"href":"https:\/\/cdnoticias.com\/index.php\/wp-json\/wp\/v2\/media?parent=4842"}],"wp:term":[{"taxonomy":"category","embeddable":true,"href":"https:\/\/cdnoticias.com\/index.php\/wp-json\/wp\/v2\/categories?post=4842"},{"taxonomy":"post_tag","embeddable":true,"href":"https:\/\/cdnoticias.com\/index.php\/wp-json\/wp\/v2\/tags?post=4842"}],"curies":[{"name":"wp","href":"https:\/\/api.w.org\/{rel}","templated":true}]}}