{"id":48412,"date":"2022-03-08T12:09:08","date_gmt":"2022-03-08T15:09:08","guid":{"rendered":"https:\/\/www.centraldenoticias.com.ar\/?p=48412"},"modified":"2022-03-08T14:10:46","modified_gmt":"2022-03-08T17:10:46","slug":"galeria-de-imagenes-del-descarrilamiento-del-tren","status":"publish","type":"post","link":"https:\/\/cdnoticias.com\/index.php\/2022\/03\/08\/galeria-de-imagenes-del-descarrilamiento-del-tren\/","title":{"rendered":"Galer\u00eda de im\u00e1genes del descarrilamiento del tren"},"content":{"rendered":"<p>Las im\u00e1genes del tren y la labor de rescate y evacuaci\u00f3n de los pasajeros en la c\u00e1mara de Central de Noticias.<\/p>\n<p><!--more--><\/p>\n<hr \/>\n<p><a href=\"https:\/\/cdnoticias.com\/index.php\/2022\/03\/08\/descarrilamiento-del-tren-al-momento-son-21-los-pasajeros-atendidos-en-el-hospital\/\" target=\"_blank\" rel=\"noopener\">La formaci\u00f3n del Trenes Argentinos que descarril\u00f3 en Olavarr\u00eda<\/a> con 479 pasajeros demand\u00f3 la <strong>labor de numeroso personal de Bomberos para el rescate y la evacuaci\u00f3n<\/strong>.<\/p>\n<p>&nbsp;<\/p>\n<p>Las <strong>im\u00e1genes de lo sucedido<\/strong> en las primeras horas de este martes en la c\u00e1mara de Central de Noticias.<\/p>\n<p>[soliloquy id=&#8221;48437&#8243;]<\/p>\n","protected":false},"excerpt":{"rendered":"<p>Las im\u00e1genes del tren y la labor de rescate y evacuaci\u00f3n de los pasajeros en la c\u00e1mara de Central de<\/p>\n","protected":false},"author":4,"featured_media":48418,"comment_status":"closed","ping_status":"closed","sticky":false,"template":"","format":"standard","meta":{"_jetpack_memberships_contains_paid_content":false,"footnotes":""},"categories":[5,1],"tags":[],"class_list":["post-48412","post","type-post","status-publish","format-standard","has-post-thumbnail","hentry","category-informacion-general","category-portada"],"jetpack_featured_media_url":"https:\/\/i0.wp.com\/cdnoticias.com\/wp-content\/uploads\/2022\/03\/tren-06a.jpg?fit=2087%2C1161&ssl=1","jetpack_sharing_enabled":true,"_links":{"self":[{"href":"https:\/\/cdnoticias.com\/index.php\/wp-json\/wp\/v2\/posts\/48412","targetHints":{"allow":["GET"]}}],"collection":[{"href":"https:\/\/cdnoticias.com\/index.php\/wp-json\/wp\/v2\/posts"}],"about":[{"href":"https:\/\/cdnoticias.com\/index.php\/wp-json\/wp\/v2\/types\/post"}],"author":[{"embeddable":true,"href":"https:\/\/cdnoticias.com\/index.php\/wp-json\/wp\/v2\/users\/4"}],"replies":[{"embeddable":true,"href":"https:\/\/cdnoticias.com\/index.php\/wp-json\/wp\/v2\/comments?post=48412"}],"version-history":[{"count":0,"href":"https:\/\/cdnoticias.com\/index.php\/wp-json\/wp\/v2\/posts\/48412\/revisions"}],"wp:featuredmedia":[{"embeddable":true,"href":"https:\/\/cdnoticias.com\/index.php\/wp-json\/wp\/v2\/media\/48418"}],"wp:attachment":[{"href":"https:\/\/cdnoticias.com\/index.php\/wp-json\/wp\/v2\/media?parent=48412"}],"wp:term":[{"taxonomy":"category","embeddable":true,"href":"https:\/\/cdnoticias.com\/index.php\/wp-json\/wp\/v2\/categories?post=48412"},{"taxonomy":"post_tag","embeddable":true,"href":"https:\/\/cdnoticias.com\/index.php\/wp-json\/wp\/v2\/tags?post=48412"}],"curies":[{"name":"wp","href":"https:\/\/api.w.org\/{rel}","templated":true}]}}